{"id":5446,"date":"2025-05-29T10:32:47","date_gmt":"2025-05-29T08:32:47","guid":{"rendered":"https:\/\/hskzrinjski.ba\/predsjednica-vlade-hnz-marija-buhac-primila-izaslanstvo-hsk-zrinjski-mostar\/"},"modified":"2025-06-02T12:57:08","modified_gmt":"2025-06-02T10:57:08","slug":"predsjednica-vlade-hnz-marija-buhac-primila-izaslanstvo-hsk-zrinjski-mostar","status":"publish","type":"post","link":"https:\/\/hskzrinjski.ba\/en\/predsjednica-vlade-hnz-marija-buhac-primila-izaslanstvo-hsk-zrinjski-mostar\/","title":{"rendered":"Official Reception for H\u0160K Zrinjski Mostar Delegation at the Government of HNC"},"content":{"rendered":"<p data-start=\"84\" data-end=\"283\">Yesterday, a formal reception was held at the Government building of the Herzegovina-Neretva Canton (HNC) for a delegation from H\u0160K Zrinjski Mostar, hosted by the Prime Minister of HNC, Marija Buha\u010d.<\/p>\n<p data-start=\"285\" data-end=\"632\">The occasion marked the club\u2019s triumph in securing their ninth national championship title. In recognition of this significant achievement\u2014as well as the club\u2019s long-standing record of success and exceptional contribution to the promotion of Mostar and the HNC\u2014Prime Minister Buha\u010d presented H\u0160K Zrinjski with the Charter of the Government of HNC.<\/p>\n<p data-start=\"634\" data-end=\"1237\">\u201cI am aware of how much sweat, effort, and sacrifice went into every one of your successes, which is why they are worthy of our admiration and respect. We all vividly remember your achievements on the European stage. We proudly followed your matches against some of Europe&#8217;s football giants. One final match awaits you this season, and then, after a joint celebration and a well-deserved break, preparations begin for another European campaign. Some may say it&#8217;s bold, but as spoiled supporters used to victories and success, we expect even more than in the 2023\/2024 season,\u201d said Prime Minister Buha\u010d.<\/p>\n<p data-start=\"1239\" data-end=\"1972\">\u201cBeing part of the European football family requires not only top-level knowledge, training, and sacrifice, but also significant financial and logistical support. That is why I especially congratulate the Management and everyone responsible for those crucial aspects, as they have succeeded in positioning Zrinjski among the best even in that regard. I am personally proud that the Government of HNC, through consistent support, has contributed to Zrinjski\u2019s success. We have stood with you all these years, and we will continue to do so\u2014knowing that you are the best possible ambassadors for this city, this canton, and this country. For that, we are endlessly grateful. As the song says, Zrinjski is our life, and more,\u201d she added.<\/p>\n<p data-start=\"1974\" data-end=\"2236\">H\u0160K Zrinjski President Denis Lasi\u0107 reflected on the season, emphasizing that Zrinjski once again demonstrated a winning mentality. He noted that the key to continued success lies in Zrinjski truly being one big family\u2014from the management to the players and fans.<\/p>\n<p data-start=\"2238\" data-end=\"2557\">Participants agreed that a multiple-time champion of Bosnia and Herzegovina clearly deserves infrastructure that matches its success. They expressed expectations that all levels of government will fulfill their promises and obligations and ensure the urgent completion of ongoing work on the stands at Zrinjski Stadium.<\/p>\n<p data-start=\"2559\" data-end=\"2786\" data-is-last-node=\"\" data-is-only-node=\"\">We extend our gratitude to Prime Minister Buha\u010d and the Government of HNC for their reception and continued support, with full confidence that Zrinjski will remain a source of pride for its city and canton\u2014on and off the pitch.<\/p>\n","protected":false},"excerpt":{"rendered":"<p>Yesterday, a formal reception was held at the Government building of the Herzegovina-Neretva Canton (HNC) for a delegation from H\u0160K Zrinjski Mostar, hosted by the Prime Minister of HNC, Marija Buha\u010d. The occasion marked the club\u2019s triumph in securing their ninth national championship title. In recognition of this significant achievement\u2014as well as the club\u2019s long-standing [&hellip;]<\/p>\n","protected":false},"author":2,"featured_media":5411,"comment_status":"open","ping_status":"open","sticky":false,"template":"","format":"standard","meta":{"_acf_changed":false,"footnotes":""},"categories":[139,77],"tags":[449,450,451],"acf":[],"yoast_head":"<!-- This site is optimized with the Yoast SEO plugin v22.7 - https:\/\/yoast.com\/wordpress\/plugins\/seo\/ -->\n<title>Official Reception for H\u0160K Zrinjski Mostar Delegation at the Government of HNC<\/title>\n<meta name=\"robots\" content=\"index, follow, max-snippet:-1, max-image-preview:large, max-video-preview:-1\" \/>\n<link rel=\"canonical\" href=\"https:\/\/hskzrinjski.ba\/en\/predsjednica-vlade-hnz-marija-buhac-primila-izaslanstvo-hsk-zrinjski-mostar\/\" \/>\n<meta property=\"og:locale\" content=\"en_US\" \/>\n<meta property=\"og:type\" content=\"article\" \/>\n<meta property=\"og:title\" content=\"Official Reception for H\u0160K Zrinjski Mostar Delegation at the Government of HNC\" \/>\n<meta property=\"og:description\" content=\"Yesterday, a formal reception was held at the Government building of the Herzegovina-Neretva Canton (HNC) for a delegation from H\u0160K Zrinjski Mostar, hosted by the Prime Minister of HNC, Marija Buha\u010d. The occasion marked the club\u2019s triumph in securing their ninth national championship title. In recognition of this significant achievement\u2014as well as the club\u2019s long-standing [&hellip;]\" \/>\n<meta property=\"og:url\" content=\"https:\/\/hskzrinjski.ba\/en\/predsjednica-vlade-hnz-marija-buhac-primila-izaslanstvo-hsk-zrinjski-mostar\/\" \/>\n<meta property=\"og:site_name\" content=\"H\u0160K Zrinjski Mostar\" \/>\n<meta property=\"article:publisher\" content=\"https:\/\/www.facebook.com\/hsk.zrinjski\" \/>\n<meta property=\"article:published_time\" content=\"2025-05-29T08:32:47+00:00\" \/>\n<meta property=\"article:modified_time\" content=\"2025-06-02T10:57:08+00:00\" \/>\n<meta property=\"og:image\" content=\"https:\/\/hskzrinjski.ba\/wp-content\/uploads\/2025\/05\/vlada-hnz.jpg\" \/>\n\t<meta property=\"og:image:width\" content=\"2048\" \/>\n\t<meta property=\"og:image:height\" content=\"1365\" \/>\n\t<meta property=\"og:image:type\" content=\"image\/jpeg\" \/>\n<meta name=\"author\" content=\"digital\" \/>\n<meta name=\"twitter:card\" content=\"summary_large_image\" \/>\n<meta name=\"twitter:creator\" content=\"@hskzrinjski\" \/>\n<meta name=\"twitter:site\" content=\"@hskzrinjski\" \/>\n<meta name=\"twitter:label1\" content=\"Written by\" \/>\n\t<meta name=\"twitter:data1\" content=\"digital\" \/>\n\t<meta name=\"twitter:label2\" content=\"Est. reading time\" \/>\n\t<meta name=\"twitter:data2\" content=\"3 minutes\" \/>\n<script type=\"application\/ld+json\" class=\"yoast-schema-graph\">{\"@context\":\"https:\/\/schema.org\",\"@graph\":[{\"@type\":\"Article\",\"@id\":\"https:\/\/hskzrinjski.ba\/en\/predsjednica-vlade-hnz-marija-buhac-primila-izaslanstvo-hsk-zrinjski-mostar\/#article\",\"isPartOf\":{\"@id\":\"https:\/\/hskzrinjski.ba\/en\/predsjednica-vlade-hnz-marija-buhac-primila-izaslanstvo-hsk-zrinjski-mostar\/\"},\"author\":{\"name\":\"digital\",\"@id\":\"https:\/\/hskzrinjski.ba\/#\/schema\/person\/2ecb5d5097ede382b507ac0951c8e3c3\"},\"headline\":\"Official Reception for H\u0160K Zrinjski Mostar Delegation at the Government of HNC\",\"datePublished\":\"2025-05-29T08:32:47+00:00\",\"dateModified\":\"2025-06-02T10:57:08+00:00\",\"mainEntityOfPage\":{\"@id\":\"https:\/\/hskzrinjski.ba\/en\/predsjednica-vlade-hnz-marija-buhac-primila-izaslanstvo-hsk-zrinjski-mostar\/\"},\"wordCount\":447,\"commentCount\":0,\"publisher\":{\"@id\":\"https:\/\/hskzrinjski.ba\/#organization\"},\"image\":{\"@id\":\"https:\/\/hskzrinjski.ba\/en\/predsjednica-vlade-hnz-marija-buhac-primila-izaslanstvo-hsk-zrinjski-mostar\/#primaryimage\"},\"thumbnailUrl\":\"https:\/\/hskzrinjski.ba\/wp-content\/uploads\/2025\/05\/vlada-hnz.jpg\",\"keywords\":[\"marija buha\u010d\",\"povelja\",\"vlada hn\u017e\"],\"articleSection\":[\"Club\",\"Featured\"],\"inLanguage\":\"en-US\",\"potentialAction\":[{\"@type\":\"CommentAction\",\"name\":\"Comment\",\"target\":[\"https:\/\/hskzrinjski.ba\/en\/predsjednica-vlade-hnz-marija-buhac-primila-izaslanstvo-hsk-zrinjski-mostar\/#respond\"]}]},{\"@type\":\"WebPage\",\"@id\":\"https:\/\/hskzrinjski.ba\/en\/predsjednica-vlade-hnz-marija-buhac-primila-izaslanstvo-hsk-zrinjski-mostar\/\",\"url\":\"https:\/\/hskzrinjski.ba\/en\/predsjednica-vlade-hnz-marija-buhac-primila-izaslanstvo-hsk-zrinjski-mostar\/\",\"name\":\"Official Reception for H\u0160K Zrinjski Mostar Delegation at the Government of HNC\",\"isPartOf\":{\"@id\":\"https:\/\/hskzrinjski.ba\/#website\"},\"primaryImageOfPage\":{\"@id\":\"https:\/\/hskzrinjski.ba\/en\/predsjednica-vlade-hnz-marija-buhac-primila-izaslanstvo-hsk-zrinjski-mostar\/#primaryimage\"},\"image\":{\"@id\":\"https:\/\/hskzrinjski.ba\/en\/predsjednica-vlade-hnz-marija-buhac-primila-izaslanstvo-hsk-zrinjski-mostar\/#primaryimage\"},\"thumbnailUrl\":\"https:\/\/hskzrinjski.ba\/wp-content\/uploads\/2025\/05\/vlada-hnz.jpg\",\"datePublished\":\"2025-05-29T08:32:47+00:00\",\"dateModified\":\"2025-06-02T10:57:08+00:00\",\"breadcrumb\":{\"@id\":\"https:\/\/hskzrinjski.ba\/en\/predsjednica-vlade-hnz-marija-buhac-primila-izaslanstvo-hsk-zrinjski-mostar\/#breadcrumb\"},\"inLanguage\":\"en-US\",\"potentialAction\":[{\"@type\":\"ReadAction\",\"target\":[\"https:\/\/hskzrinjski.ba\/en\/predsjednica-vlade-hnz-marija-buhac-primila-izaslanstvo-hsk-zrinjski-mostar\/\"]}]},{\"@type\":\"ImageObject\",\"inLanguage\":\"en-US\",\"@id\":\"https:\/\/hskzrinjski.ba\/en\/predsjednica-vlade-hnz-marija-buhac-primila-izaslanstvo-hsk-zrinjski-mostar\/#primaryimage\",\"url\":\"https:\/\/hskzrinjski.ba\/wp-content\/uploads\/2025\/05\/vlada-hnz.jpg\",\"contentUrl\":\"https:\/\/hskzrinjski.ba\/wp-content\/uploads\/2025\/05\/vlada-hnz.jpg\",\"width\":2048,\"height\":1365},{\"@type\":\"BreadcrumbList\",\"@id\":\"https:\/\/hskzrinjski.ba\/en\/predsjednica-vlade-hnz-marija-buhac-primila-izaslanstvo-hsk-zrinjski-mostar\/#breadcrumb\",\"itemListElement\":[{\"@type\":\"ListItem\",\"position\":1,\"name\":\"Home\",\"item\":\"https:\/\/hskzrinjski.ba\/en\/\"},{\"@type\":\"ListItem\",\"position\":2,\"name\":\"Official Reception for H\u0160K Zrinjski Mostar Delegation at the Government of HNC\"}]},{\"@type\":\"WebSite\",\"@id\":\"https:\/\/hskzrinjski.ba\/#website\",\"url\":\"https:\/\/hskzrinjski.ba\/\",\"name\":\"H\u0160K Zrinjski Mostar\",\"description\":\"\u017divot i vi\u0161e.\",\"publisher\":{\"@id\":\"https:\/\/hskzrinjski.ba\/#organization\"},\"alternateName\":\"Zrinjski Mostar\",\"potentialAction\":[{\"@type\":\"SearchAction\",\"target\":{\"@type\":\"EntryPoint\",\"urlTemplate\":\"https:\/\/hskzrinjski.ba\/?s={search_term_string}\"},\"query-input\":\"required name=search_term_string\"}],\"inLanguage\":\"en-US\"},{\"@type\":\"Organization\",\"@id\":\"https:\/\/hskzrinjski.ba\/#organization\",\"name\":\"Hrvatski \u0161portski klub Zrinjski Mostar\",\"alternateName\":\"H\u0160K Zrinjski Mostar\",\"url\":\"https:\/\/hskzrinjski.ba\/\",\"logo\":{\"@type\":\"ImageObject\",\"inLanguage\":\"en-US\",\"@id\":\"https:\/\/hskzrinjski.ba\/#\/schema\/logo\/image\/\",\"url\":\"https:\/\/hskzrinjski.ba\/wp-content\/uploads\/2024\/05\/HSK-Zrinjski-Grb.png\",\"contentUrl\":\"https:\/\/hskzrinjski.ba\/wp-content\/uploads\/2024\/05\/HSK-Zrinjski-Grb.png\",\"width\":656,\"height\":656,\"caption\":\"Hrvatski \u0161portski klub Zrinjski Mostar\"},\"image\":{\"@id\":\"https:\/\/hskzrinjski.ba\/#\/schema\/logo\/image\/\"},\"sameAs\":[\"https:\/\/www.facebook.com\/hsk.zrinjski\",\"https:\/\/x.com\/hskzrinjski\",\"https:\/\/www.instagram.com\/hsk.zrinjski\"]},{\"@type\":\"Person\",\"@id\":\"https:\/\/hskzrinjski.ba\/#\/schema\/person\/2ecb5d5097ede382b507ac0951c8e3c3\",\"name\":\"digital\",\"image\":{\"@type\":\"ImageObject\",\"inLanguage\":\"en-US\",\"@id\":\"https:\/\/hskzrinjski.ba\/#\/schema\/person\/image\/\",\"url\":\"https:\/\/secure.gravatar.com\/avatar\/c68a05d9eee4965a7a8d532c1bceed00?s=96&d=mm&r=g\",\"contentUrl\":\"https:\/\/secure.gravatar.com\/avatar\/c68a05d9eee4965a7a8d532c1bceed00?s=96&d=mm&r=g\",\"caption\":\"digital\"},\"url\":\"https:\/\/hskzrinjski.ba\/en\/author\/digital\/\"}]}<\/script>\n<!-- \/ Yoast SEO plugin. -->","yoast_head_json":{"title":"Official Reception for H\u0160K Zrinjski Mostar Delegation at the Government of HNC","robots":{"index":"index","follow":"follow","max-snippet":"max-snippet:-1","max-image-preview":"max-image-preview:large","max-video-preview":"max-video-preview:-1"},"canonical":"https:\/\/hskzrinjski.ba\/en\/predsjednica-vlade-hnz-marija-buhac-primila-izaslanstvo-hsk-zrinjski-mostar\/","og_locale":"en_US","og_type":"article","og_title":"Official Reception for H\u0160K Zrinjski Mostar Delegation at the Government of HNC","og_description":"Yesterday, a formal reception was held at the Government building of the Herzegovina-Neretva Canton (HNC) for a delegation from H\u0160K Zrinjski Mostar, hosted by the Prime Minister of HNC, Marija Buha\u010d. The occasion marked the club\u2019s triumph in securing their ninth national championship title. In recognition of this significant achievement\u2014as well as the club\u2019s long-standing [&hellip;]","og_url":"https:\/\/hskzrinjski.ba\/en\/predsjednica-vlade-hnz-marija-buhac-primila-izaslanstvo-hsk-zrinjski-mostar\/","og_site_name":"H\u0160K Zrinjski Mostar","article_publisher":"https:\/\/www.facebook.com\/hsk.zrinjski","article_published_time":"2025-05-29T08:32:47+00:00","article_modified_time":"2025-06-02T10:57:08+00:00","og_image":[{"width":2048,"height":1365,"url":"https:\/\/hskzrinjski.ba\/wp-content\/uploads\/2025\/05\/vlada-hnz.jpg","type":"image\/jpeg"}],"author":"digital","twitter_card":"summary_large_image","twitter_creator":"@hskzrinjski","twitter_site":"@hskzrinjski","twitter_misc":{"Written by":"digital","Est. reading time":"3 minutes"},"schema":{"@context":"https:\/\/schema.org","@graph":[{"@type":"Article","@id":"https:\/\/hskzrinjski.ba\/en\/predsjednica-vlade-hnz-marija-buhac-primila-izaslanstvo-hsk-zrinjski-mostar\/#article","isPartOf":{"@id":"https:\/\/hskzrinjski.ba\/en\/predsjednica-vlade-hnz-marija-buhac-primila-izaslanstvo-hsk-zrinjski-mostar\/"},"author":{"name":"digital","@id":"https:\/\/hskzrinjski.ba\/#\/schema\/person\/2ecb5d5097ede382b507ac0951c8e3c3"},"headline":"Official Reception for H\u0160K Zrinjski Mostar Delegation at the Government of HNC","datePublished":"2025-05-29T08:32:47+00:00","dateModified":"2025-06-02T10:57:08+00:00","mainEntityOfPage":{"@id":"https:\/\/hskzrinjski.ba\/en\/predsjednica-vlade-hnz-marija-buhac-primila-izaslanstvo-hsk-zrinjski-mostar\/"},"wordCount":447,"commentCount":0,"publisher":{"@id":"https:\/\/hskzrinjski.ba\/#organization"},"image":{"@id":"https:\/\/hskzrinjski.ba\/en\/predsjednica-vlade-hnz-marija-buhac-primila-izaslanstvo-hsk-zrinjski-mostar\/#primaryimage"},"thumbnailUrl":"https:\/\/hskzrinjski.ba\/wp-content\/uploads\/2025\/05\/vlada-hnz.jpg","keywords":["marija buha\u010d","povelja","vlada hn\u017e"],"articleSection":["Club","Featured"],"inLanguage":"en-US","potentialAction":[{"@type":"CommentAction","name":"Comment","target":["https:\/\/hskzrinjski.ba\/en\/predsjednica-vlade-hnz-marija-buhac-primila-izaslanstvo-hsk-zrinjski-mostar\/#respond"]}]},{"@type":"WebPage","@id":"https:\/\/hskzrinjski.ba\/en\/predsjednica-vlade-hnz-marija-buhac-primila-izaslanstvo-hsk-zrinjski-mostar\/","url":"https:\/\/hskzrinjski.ba\/en\/predsjednica-vlade-hnz-marija-buhac-primila-izaslanstvo-hsk-zrinjski-mostar\/","name":"Official Reception for H\u0160K Zrinjski Mostar Delegation at the Government of HNC","isPartOf":{"@id":"https:\/\/hskzrinjski.ba\/#website"},"primaryImageOfPage":{"@id":"https:\/\/hskzrinjski.ba\/en\/predsjednica-vlade-hnz-marija-buhac-primila-izaslanstvo-hsk-zrinjski-mostar\/#primaryimage"},"image":{"@id":"https:\/\/hskzrinjski.ba\/en\/predsjednica-vlade-hnz-marija-buhac-primila-izaslanstvo-hsk-zrinjski-mostar\/#primaryimage"},"thumbnailUrl":"https:\/\/hskzrinjski.ba\/wp-content\/uploads\/2025\/05\/vlada-hnz.jpg","datePublished":"2025-05-29T08:32:47+00:00","dateModified":"2025-06-02T10:57:08+00:00","breadcrumb":{"@id":"https:\/\/hskzrinjski.ba\/en\/predsjednica-vlade-hnz-marija-buhac-primila-izaslanstvo-hsk-zrinjski-mostar\/#breadcrumb"},"inLanguage":"en-US","potentialAction":[{"@type":"ReadAction","target":["https:\/\/hskzrinjski.ba\/en\/predsjednica-vlade-hnz-marija-buhac-primila-izaslanstvo-hsk-zrinjski-mostar\/"]}]},{"@type":"ImageObject","inLanguage":"en-US","@id":"https:\/\/hskzrinjski.ba\/en\/predsjednica-vlade-hnz-marija-buhac-primila-izaslanstvo-hsk-zrinjski-mostar\/#primaryimage","url":"https:\/\/hskzrinjski.ba\/wp-content\/uploads\/2025\/05\/vlada-hnz.jpg","contentUrl":"https:\/\/hskzrinjski.ba\/wp-content\/uploads\/2025\/05\/vlada-hnz.jpg","width":2048,"height":1365},{"@type":"BreadcrumbList","@id":"https:\/\/hskzrinjski.ba\/en\/predsjednica-vlade-hnz-marija-buhac-primila-izaslanstvo-hsk-zrinjski-mostar\/#breadcrumb","itemListElement":[{"@type":"ListItem","position":1,"name":"Home","item":"https:\/\/hskzrinjski.ba\/en\/"},{"@type":"ListItem","position":2,"name":"Official Reception for H\u0160K Zrinjski Mostar Delegation at the Government of HNC"}]},{"@type":"WebSite","@id":"https:\/\/hskzrinjski.ba\/#website","url":"https:\/\/hskzrinjski.ba\/","name":"H\u0160K Zrinjski Mostar","description":"\u017divot i vi\u0161e.","publisher":{"@id":"https:\/\/hskzrinjski.ba\/#organization"},"alternateName":"Zrinjski Mostar","potentialAction":[{"@type":"SearchAction","target":{"@type":"EntryPoint","urlTemplate":"https:\/\/hskzrinjski.ba\/?s={search_term_string}"},"query-input":"required name=search_term_string"}],"inLanguage":"en-US"},{"@type":"Organization","@id":"https:\/\/hskzrinjski.ba\/#organization","name":"Hrvatski \u0161portski klub Zrinjski Mostar","alternateName":"H\u0160K Zrinjski Mostar","url":"https:\/\/hskzrinjski.ba\/","logo":{"@type":"ImageObject","inLanguage":"en-US","@id":"https:\/\/hskzrinjski.ba\/#\/schema\/logo\/image\/","url":"https:\/\/hskzrinjski.ba\/wp-content\/uploads\/2024\/05\/HSK-Zrinjski-Grb.png","contentUrl":"https:\/\/hskzrinjski.ba\/wp-content\/uploads\/2024\/05\/HSK-Zrinjski-Grb.png","width":656,"height":656,"caption":"Hrvatski \u0161portski klub Zrinjski Mostar"},"image":{"@id":"https:\/\/hskzrinjski.ba\/#\/schema\/logo\/image\/"},"sameAs":["https:\/\/www.facebook.com\/hsk.zrinjski","https:\/\/x.com\/hskzrinjski","https:\/\/www.instagram.com\/hsk.zrinjski"]},{"@type":"Person","@id":"https:\/\/hskzrinjski.ba\/#\/schema\/person\/2ecb5d5097ede382b507ac0951c8e3c3","name":"digital","image":{"@type":"ImageObject","inLanguage":"en-US","@id":"https:\/\/hskzrinjski.ba\/#\/schema\/person\/image\/","url":"https:\/\/secure.gravatar.com\/avatar\/c68a05d9eee4965a7a8d532c1bceed00?s=96&d=mm&r=g","contentUrl":"https:\/\/secure.gravatar.com\/avatar\/c68a05d9eee4965a7a8d532c1bceed00?s=96&d=mm&r=g","caption":"digital"},"url":"https:\/\/hskzrinjski.ba\/en\/author\/digital\/"}]}},"_links":{"self":[{"href":"https:\/\/hskzrinjski.ba\/en\/wp-json\/wp\/v2\/posts\/5446"}],"collection":[{"href":"https:\/\/hskzrinjski.ba\/en\/wp-json\/wp\/v2\/posts"}],"about":[{"href":"https:\/\/hskzrinjski.ba\/en\/wp-json\/wp\/v2\/types\/post"}],"author":[{"embeddable":true,"href":"https:\/\/hskzrinjski.ba\/en\/wp-json\/wp\/v2\/users\/2"}],"replies":[{"embeddable":true,"href":"https:\/\/hskzrinjski.ba\/en\/wp-json\/wp\/v2\/comments?post=5446"}],"version-history":[{"count":1,"href":"https:\/\/hskzrinjski.ba\/en\/wp-json\/wp\/v2\/posts\/5446\/revisions"}],"predecessor-version":[{"id":5447,"href":"https:\/\/hskzrinjski.ba\/en\/wp-json\/wp\/v2\/posts\/5446\/revisions\/5447"}],"wp:featuredmedia":[{"embeddable":true,"href":"https:\/\/hskzrinjski.ba\/en\/wp-json\/wp\/v2\/media\/5411"}],"wp:attachment":[{"href":"https:\/\/hskzrinjski.ba\/en\/wp-json\/wp\/v2\/media?parent=5446"}],"wp:term":[{"taxonomy":"category","embeddable":true,"href":"https:\/\/hskzrinjski.ba\/en\/wp-json\/wp\/v2\/categories?post=5446"},{"taxonomy":"post_tag","embeddable":true,"href":"https:\/\/hskzrinjski.ba\/en\/wp-json\/wp\/v2\/tags?post=5446"}],"curies":[{"name":"wp","href":"https:\/\/api.w.org\/{rel}","templated":true}]}}