{"id":3175,"date":"2024-08-21T11:47:45","date_gmt":"2024-08-21T09:47:45","guid":{"rendered":"https:\/\/hskzrinjski.ba\/franko-sabljic-odlazi-na-posudbu-u-nk-rudes\/"},"modified":"2024-08-28T10:07:46","modified_gmt":"2024-08-28T08:07:46","slug":"franko-sabljic-odlazi-na-posudbu-u-nk-rudes","status":"publish","type":"post","link":"https:\/\/hskzrinjski.ba\/en\/franko-sabljic-odlazi-na-posudbu-u-nk-rudes\/","title":{"rendered":"Franko Sablji\u0107 is going on loan to NK Rude\u0161"},"content":{"rendered":"<div class=\"flex-shrink-0 flex flex-col relative items-end\">\n<div>\n<div class=\"pt-0\">\n<div class=\"gizmo-bot-avatar flex h-8 w-8 items-center justify-center overflow-hidden rounded-full\">\n<div class=\"relative p-1 rounded-sm flex items-center justify-center bg-token-main-surface-primary text-token-text-primary h-8 w-8\">H\u0160K Zrinjski Mostar and NK Rude\u0161 Zagreb have agreed on the loan of Franko Sablji\u0107 until the end of the first part of the season, i.e., until December 31, 2024.<\/div>\n<\/div>\n<\/div>\n<\/div>\n<\/div>\n<div class=\"group\/conversation-turn relative flex w-full min-w-0 flex-col agent-turn\">\n<div class=\"flex-col gap-1 md:gap-3\">\n<div class=\"flex max-w-full flex-col flex-grow\">\n<div class=\"min-h-[20px] text-message flex w-full flex-col items-end gap-2 break-words [.text-message+&amp;]:mt-5 overflow-x-auto whitespace-normal\" dir=\"auto\" data-message-author-role=\"assistant\" data-message-id=\"ff19c266-c822-47f0-9f9f-a4a52029de3f\">\n<div class=\"flex w-full flex-col gap-1 empty:hidden first:pt-[3px]\">\n<div class=\"markdown prose w-full break-words dark:prose-invert dark\">\n<p>The twenty-year-old forward made his official debut for the Plemi\u0107i three years ago in an away match against Leotar (1:0), and has scored six goals in 69 official appearances.<\/p>\n<p>We wish Franko much success during his loan at Rude\u0161, which will be competing in the First Football League, the second tier of Croatian football, this season.<\/p>\n<\/div>\n<\/div>\n<\/div>\n<\/div>\n<\/div>\n<\/div>\n","protected":false},"excerpt":{"rendered":"<p>H\u0160K Zrinjski Mostar and NK Rude\u0161 Zagreb have agreed on the loan of Franko Sablji\u0107 until the end of the first part of the season, i.e., until December 31, 2024. The twenty-year-old forward made his official debut for the Plemi\u0107i three years ago in an away match against Leotar (1:0), and has scored six goals [&hellip;]<\/p>\n","protected":false},"author":2,"featured_media":3098,"comment_status":"open","ping_status":"open","sticky":false,"template":"","format":"standard","meta":{"_acf_changed":false,"footnotes":""},"categories":[77,116],"tags":[368,369,370],"acf":[],"yoast_head":"<!-- This site is optimized with the Yoast SEO plugin v22.7 - https:\/\/yoast.com\/wordpress\/plugins\/seo\/ -->\n<title>Franko Sablji\u0107 is going on loan to NK Rude\u0161<\/title>\n<meta name=\"robots\" content=\"index, follow, max-snippet:-1, max-image-preview:large, max-video-preview:-1\" \/>\n<link rel=\"canonical\" href=\"https:\/\/hskzrinjski.ba\/en\/franko-sabljic-odlazi-na-posudbu-u-nk-rudes\/\" \/>\n<meta property=\"og:locale\" content=\"en_US\" \/>\n<meta property=\"og:type\" content=\"article\" \/>\n<meta property=\"og:title\" content=\"Franko Sablji\u0107 is going on loan to NK Rude\u0161\" \/>\n<meta property=\"og:description\" content=\"H\u0160K Zrinjski Mostar and NK Rude\u0161 Zagreb have agreed on the loan of Franko Sablji\u0107 until the end of the first part of the season, i.e., until December 31, 2024. The twenty-year-old forward made his official debut for the Plemi\u0107i three years ago in an away match against Leotar (1:0), and has scored six goals [&hellip;]\" \/>\n<meta property=\"og:url\" content=\"https:\/\/hskzrinjski.ba\/en\/franko-sabljic-odlazi-na-posudbu-u-nk-rudes\/\" \/>\n<meta property=\"og:site_name\" content=\"H\u0160K Zrinjski Mostar\" \/>\n<meta property=\"article:publisher\" content=\"https:\/\/www.facebook.com\/hsk.zrinjski\" \/>\n<meta property=\"article:published_time\" content=\"2024-08-21T09:47:45+00:00\" \/>\n<meta property=\"article:modified_time\" content=\"2024-08-28T08:07:46+00:00\" \/>\n<meta property=\"og:image\" content=\"https:\/\/hskzrinjski.ba\/wp-content\/uploads\/2024\/08\/franko.jpg\" \/>\n\t<meta property=\"og:image:width\" content=\"1440\" \/>\n\t<meta property=\"og:image:height\" content=\"958\" \/>\n\t<meta property=\"og:image:type\" content=\"image\/jpeg\" \/>\n<meta name=\"author\" content=\"digital\" \/>\n<meta name=\"twitter:card\" content=\"summary_large_image\" \/>\n<meta name=\"twitter:creator\" content=\"@hskzrinjski\" \/>\n<meta name=\"twitter:site\" content=\"@hskzrinjski\" \/>\n<meta name=\"twitter:label1\" content=\"Written by\" \/>\n\t<meta name=\"twitter:data1\" content=\"digital\" \/>\n\t<meta name=\"twitter:label2\" content=\"Est. reading time\" \/>\n\t<meta name=\"twitter:data2\" content=\"1 minute\" \/>\n<script type=\"application\/ld+json\" class=\"yoast-schema-graph\">{\"@context\":\"https:\/\/schema.org\",\"@graph\":[{\"@type\":\"Article\",\"@id\":\"https:\/\/hskzrinjski.ba\/en\/franko-sabljic-odlazi-na-posudbu-u-nk-rudes\/#article\",\"isPartOf\":{\"@id\":\"https:\/\/hskzrinjski.ba\/en\/franko-sabljic-odlazi-na-posudbu-u-nk-rudes\/\"},\"author\":{\"name\":\"digital\",\"@id\":\"https:\/\/hskzrinjski.ba\/#\/schema\/person\/2ecb5d5097ede382b507ac0951c8e3c3\"},\"headline\":\"Franko Sablji\u0107 is going on loan to NK Rude\u0161\",\"datePublished\":\"2024-08-21T09:47:45+00:00\",\"dateModified\":\"2024-08-28T08:07:46+00:00\",\"mainEntityOfPage\":{\"@id\":\"https:\/\/hskzrinjski.ba\/en\/franko-sabljic-odlazi-na-posudbu-u-nk-rudes\/\"},\"wordCount\":94,\"commentCount\":0,\"publisher\":{\"@id\":\"https:\/\/hskzrinjski.ba\/#organization\"},\"image\":{\"@id\":\"https:\/\/hskzrinjski.ba\/en\/franko-sabljic-odlazi-na-posudbu-u-nk-rudes\/#primaryimage\"},\"thumbnailUrl\":\"https:\/\/hskzrinjski.ba\/wp-content\/uploads\/2024\/08\/franko.jpg\",\"keywords\":[\"Franko Sablji\u0107\",\"NK Rude\u0161 Zagreb\",\"posudba\"],\"articleSection\":[\"Featured\",\"First Team\"],\"inLanguage\":\"en-US\",\"potentialAction\":[{\"@type\":\"CommentAction\",\"name\":\"Comment\",\"target\":[\"https:\/\/hskzrinjski.ba\/en\/franko-sabljic-odlazi-na-posudbu-u-nk-rudes\/#respond\"]}]},{\"@type\":\"WebPage\",\"@id\":\"https:\/\/hskzrinjski.ba\/en\/franko-sabljic-odlazi-na-posudbu-u-nk-rudes\/\",\"url\":\"https:\/\/hskzrinjski.ba\/en\/franko-sabljic-odlazi-na-posudbu-u-nk-rudes\/\",\"name\":\"Franko Sablji\u0107 is going on loan to NK Rude\u0161\",\"isPartOf\":{\"@id\":\"https:\/\/hskzrinjski.ba\/#website\"},\"primaryImageOfPage\":{\"@id\":\"https:\/\/hskzrinjski.ba\/en\/franko-sabljic-odlazi-na-posudbu-u-nk-rudes\/#primaryimage\"},\"image\":{\"@id\":\"https:\/\/hskzrinjski.ba\/en\/franko-sabljic-odlazi-na-posudbu-u-nk-rudes\/#primaryimage\"},\"thumbnailUrl\":\"https:\/\/hskzrinjski.ba\/wp-content\/uploads\/2024\/08\/franko.jpg\",\"datePublished\":\"2024-08-21T09:47:45+00:00\",\"dateModified\":\"2024-08-28T08:07:46+00:00\",\"breadcrumb\":{\"@id\":\"https:\/\/hskzrinjski.ba\/en\/franko-sabljic-odlazi-na-posudbu-u-nk-rudes\/#breadcrumb\"},\"inLanguage\":\"en-US\",\"potentialAction\":[{\"@type\":\"ReadAction\",\"target\":[\"https:\/\/hskzrinjski.ba\/en\/franko-sabljic-odlazi-na-posudbu-u-nk-rudes\/\"]}]},{\"@type\":\"ImageObject\",\"inLanguage\":\"en-US\",\"@id\":\"https:\/\/hskzrinjski.ba\/en\/franko-sabljic-odlazi-na-posudbu-u-nk-rudes\/#primaryimage\",\"url\":\"https:\/\/hskzrinjski.ba\/wp-content\/uploads\/2024\/08\/franko.jpg\",\"contentUrl\":\"https:\/\/hskzrinjski.ba\/wp-content\/uploads\/2024\/08\/franko.jpg\",\"width\":1440,\"height\":958},{\"@type\":\"BreadcrumbList\",\"@id\":\"https:\/\/hskzrinjski.ba\/en\/franko-sabljic-odlazi-na-posudbu-u-nk-rudes\/#breadcrumb\",\"itemListElement\":[{\"@type\":\"ListItem\",\"position\":1,\"name\":\"Home\",\"item\":\"https:\/\/hskzrinjski.ba\/en\/\"},{\"@type\":\"ListItem\",\"position\":2,\"name\":\"Franko Sablji\u0107 is going on loan to NK Rude\u0161\"}]},{\"@type\":\"WebSite\",\"@id\":\"https:\/\/hskzrinjski.ba\/#website\",\"url\":\"https:\/\/hskzrinjski.ba\/\",\"name\":\"H\u0160K Zrinjski Mostar\",\"description\":\"\u017divot i vi\u0161e.\",\"publisher\":{\"@id\":\"https:\/\/hskzrinjski.ba\/#organization\"},\"alternateName\":\"Zrinjski Mostar\",\"potentialAction\":[{\"@type\":\"SearchAction\",\"target\":{\"@type\":\"EntryPoint\",\"urlTemplate\":\"https:\/\/hskzrinjski.ba\/?s={search_term_string}\"},\"query-input\":\"required name=search_term_string\"}],\"inLanguage\":\"en-US\"},{\"@type\":\"Organization\",\"@id\":\"https:\/\/hskzrinjski.ba\/#organization\",\"name\":\"Hrvatski \u0161portski klub Zrinjski Mostar\",\"alternateName\":\"H\u0160K Zrinjski Mostar\",\"url\":\"https:\/\/hskzrinjski.ba\/\",\"logo\":{\"@type\":\"ImageObject\",\"inLanguage\":\"en-US\",\"@id\":\"https:\/\/hskzrinjski.ba\/#\/schema\/logo\/image\/\",\"url\":\"https:\/\/hskzrinjski.ba\/wp-content\/uploads\/2024\/05\/HSK-Zrinjski-Grb.png\",\"contentUrl\":\"https:\/\/hskzrinjski.ba\/wp-content\/uploads\/2024\/05\/HSK-Zrinjski-Grb.png\",\"width\":656,\"height\":656,\"caption\":\"Hrvatski \u0161portski klub Zrinjski Mostar\"},\"image\":{\"@id\":\"https:\/\/hskzrinjski.ba\/#\/schema\/logo\/image\/\"},\"sameAs\":[\"https:\/\/www.facebook.com\/hsk.zrinjski\",\"https:\/\/x.com\/hskzrinjski\",\"https:\/\/www.instagram.com\/hsk.zrinjski\"]},{\"@type\":\"Person\",\"@id\":\"https:\/\/hskzrinjski.ba\/#\/schema\/person\/2ecb5d5097ede382b507ac0951c8e3c3\",\"name\":\"digital\",\"image\":{\"@type\":\"ImageObject\",\"inLanguage\":\"en-US\",\"@id\":\"https:\/\/hskzrinjski.ba\/#\/schema\/person\/image\/\",\"url\":\"https:\/\/secure.gravatar.com\/avatar\/c68a05d9eee4965a7a8d532c1bceed00?s=96&d=mm&r=g\",\"contentUrl\":\"https:\/\/secure.gravatar.com\/avatar\/c68a05d9eee4965a7a8d532c1bceed00?s=96&d=mm&r=g\",\"caption\":\"digital\"},\"url\":\"https:\/\/hskzrinjski.ba\/en\/author\/digital\/\"}]}<\/script>\n<!-- \/ Yoast SEO plugin. -->","yoast_head_json":{"title":"Franko Sablji\u0107 is going on loan to NK Rude\u0161","robots":{"index":"index","follow":"follow","max-snippet":"max-snippet:-1","max-image-preview":"max-image-preview:large","max-video-preview":"max-video-preview:-1"},"canonical":"https:\/\/hskzrinjski.ba\/en\/franko-sabljic-odlazi-na-posudbu-u-nk-rudes\/","og_locale":"en_US","og_type":"article","og_title":"Franko Sablji\u0107 is going on loan to NK Rude\u0161","og_description":"H\u0160K Zrinjski Mostar and NK Rude\u0161 Zagreb have agreed on the loan of Franko Sablji\u0107 until the end of the first part of the season, i.e., until December 31, 2024. The twenty-year-old forward made his official debut for the Plemi\u0107i three years ago in an away match against Leotar (1:0), and has scored six goals [&hellip;]","og_url":"https:\/\/hskzrinjski.ba\/en\/franko-sabljic-odlazi-na-posudbu-u-nk-rudes\/","og_site_name":"H\u0160K Zrinjski Mostar","article_publisher":"https:\/\/www.facebook.com\/hsk.zrinjski","article_published_time":"2024-08-21T09:47:45+00:00","article_modified_time":"2024-08-28T08:07:46+00:00","og_image":[{"width":1440,"height":958,"url":"https:\/\/hskzrinjski.ba\/wp-content\/uploads\/2024\/08\/franko.jpg","type":"image\/jpeg"}],"author":"digital","twitter_card":"summary_large_image","twitter_creator":"@hskzrinjski","twitter_site":"@hskzrinjski","twitter_misc":{"Written by":"digital","Est. reading time":"1 minute"},"schema":{"@context":"https:\/\/schema.org","@graph":[{"@type":"Article","@id":"https:\/\/hskzrinjski.ba\/en\/franko-sabljic-odlazi-na-posudbu-u-nk-rudes\/#article","isPartOf":{"@id":"https:\/\/hskzrinjski.ba\/en\/franko-sabljic-odlazi-na-posudbu-u-nk-rudes\/"},"author":{"name":"digital","@id":"https:\/\/hskzrinjski.ba\/#\/schema\/person\/2ecb5d5097ede382b507ac0951c8e3c3"},"headline":"Franko Sablji\u0107 is going on loan to NK Rude\u0161","datePublished":"2024-08-21T09:47:45+00:00","dateModified":"2024-08-28T08:07:46+00:00","mainEntityOfPage":{"@id":"https:\/\/hskzrinjski.ba\/en\/franko-sabljic-odlazi-na-posudbu-u-nk-rudes\/"},"wordCount":94,"commentCount":0,"publisher":{"@id":"https:\/\/hskzrinjski.ba\/#organization"},"image":{"@id":"https:\/\/hskzrinjski.ba\/en\/franko-sabljic-odlazi-na-posudbu-u-nk-rudes\/#primaryimage"},"thumbnailUrl":"https:\/\/hskzrinjski.ba\/wp-content\/uploads\/2024\/08\/franko.jpg","keywords":["Franko Sablji\u0107","NK Rude\u0161 Zagreb","posudba"],"articleSection":["Featured","First Team"],"inLanguage":"en-US","potentialAction":[{"@type":"CommentAction","name":"Comment","target":["https:\/\/hskzrinjski.ba\/en\/franko-sabljic-odlazi-na-posudbu-u-nk-rudes\/#respond"]}]},{"@type":"WebPage","@id":"https:\/\/hskzrinjski.ba\/en\/franko-sabljic-odlazi-na-posudbu-u-nk-rudes\/","url":"https:\/\/hskzrinjski.ba\/en\/franko-sabljic-odlazi-na-posudbu-u-nk-rudes\/","name":"Franko Sablji\u0107 is going on loan to NK Rude\u0161","isPartOf":{"@id":"https:\/\/hskzrinjski.ba\/#website"},"primaryImageOfPage":{"@id":"https:\/\/hskzrinjski.ba\/en\/franko-sabljic-odlazi-na-posudbu-u-nk-rudes\/#primaryimage"},"image":{"@id":"https:\/\/hskzrinjski.ba\/en\/franko-sabljic-odlazi-na-posudbu-u-nk-rudes\/#primaryimage"},"thumbnailUrl":"https:\/\/hskzrinjski.ba\/wp-content\/uploads\/2024\/08\/franko.jpg","datePublished":"2024-08-21T09:47:45+00:00","dateModified":"2024-08-28T08:07:46+00:00","breadcrumb":{"@id":"https:\/\/hskzrinjski.ba\/en\/franko-sabljic-odlazi-na-posudbu-u-nk-rudes\/#breadcrumb"},"inLanguage":"en-US","potentialAction":[{"@type":"ReadAction","target":["https:\/\/hskzrinjski.ba\/en\/franko-sabljic-odlazi-na-posudbu-u-nk-rudes\/"]}]},{"@type":"ImageObject","inLanguage":"en-US","@id":"https:\/\/hskzrinjski.ba\/en\/franko-sabljic-odlazi-na-posudbu-u-nk-rudes\/#primaryimage","url":"https:\/\/hskzrinjski.ba\/wp-content\/uploads\/2024\/08\/franko.jpg","contentUrl":"https:\/\/hskzrinjski.ba\/wp-content\/uploads\/2024\/08\/franko.jpg","width":1440,"height":958},{"@type":"BreadcrumbList","@id":"https:\/\/hskzrinjski.ba\/en\/franko-sabljic-odlazi-na-posudbu-u-nk-rudes\/#breadcrumb","itemListElement":[{"@type":"ListItem","position":1,"name":"Home","item":"https:\/\/hskzrinjski.ba\/en\/"},{"@type":"ListItem","position":2,"name":"Franko Sablji\u0107 is going on loan to NK Rude\u0161"}]},{"@type":"WebSite","@id":"https:\/\/hskzrinjski.ba\/#website","url":"https:\/\/hskzrinjski.ba\/","name":"H\u0160K Zrinjski Mostar","description":"\u017divot i vi\u0161e.","publisher":{"@id":"https:\/\/hskzrinjski.ba\/#organization"},"alternateName":"Zrinjski Mostar","potentialAction":[{"@type":"SearchAction","target":{"@type":"EntryPoint","urlTemplate":"https:\/\/hskzrinjski.ba\/?s={search_term_string}"},"query-input":"required name=search_term_string"}],"inLanguage":"en-US"},{"@type":"Organization","@id":"https:\/\/hskzrinjski.ba\/#organization","name":"Hrvatski \u0161portski klub Zrinjski Mostar","alternateName":"H\u0160K Zrinjski Mostar","url":"https:\/\/hskzrinjski.ba\/","logo":{"@type":"ImageObject","inLanguage":"en-US","@id":"https:\/\/hskzrinjski.ba\/#\/schema\/logo\/image\/","url":"https:\/\/hskzrinjski.ba\/wp-content\/uploads\/2024\/05\/HSK-Zrinjski-Grb.png","contentUrl":"https:\/\/hskzrinjski.ba\/wp-content\/uploads\/2024\/05\/HSK-Zrinjski-Grb.png","width":656,"height":656,"caption":"Hrvatski \u0161portski klub Zrinjski Mostar"},"image":{"@id":"https:\/\/hskzrinjski.ba\/#\/schema\/logo\/image\/"},"sameAs":["https:\/\/www.facebook.com\/hsk.zrinjski","https:\/\/x.com\/hskzrinjski","https:\/\/www.instagram.com\/hsk.zrinjski"]},{"@type":"Person","@id":"https:\/\/hskzrinjski.ba\/#\/schema\/person\/2ecb5d5097ede382b507ac0951c8e3c3","name":"digital","image":{"@type":"ImageObject","inLanguage":"en-US","@id":"https:\/\/hskzrinjski.ba\/#\/schema\/person\/image\/","url":"https:\/\/secure.gravatar.com\/avatar\/c68a05d9eee4965a7a8d532c1bceed00?s=96&d=mm&r=g","contentUrl":"https:\/\/secure.gravatar.com\/avatar\/c68a05d9eee4965a7a8d532c1bceed00?s=96&d=mm&r=g","caption":"digital"},"url":"https:\/\/hskzrinjski.ba\/en\/author\/digital\/"}]}},"_links":{"self":[{"href":"https:\/\/hskzrinjski.ba\/en\/wp-json\/wp\/v2\/posts\/3175"}],"collection":[{"href":"https:\/\/hskzrinjski.ba\/en\/wp-json\/wp\/v2\/posts"}],"about":[{"href":"https:\/\/hskzrinjski.ba\/en\/wp-json\/wp\/v2\/types\/post"}],"author":[{"embeddable":true,"href":"https:\/\/hskzrinjski.ba\/en\/wp-json\/wp\/v2\/users\/2"}],"replies":[{"embeddable":true,"href":"https:\/\/hskzrinjski.ba\/en\/wp-json\/wp\/v2\/comments?post=3175"}],"version-history":[{"count":1,"href":"https:\/\/hskzrinjski.ba\/en\/wp-json\/wp\/v2\/posts\/3175\/revisions"}],"predecessor-version":[{"id":3176,"href":"https:\/\/hskzrinjski.ba\/en\/wp-json\/wp\/v2\/posts\/3175\/revisions\/3176"}],"wp:featuredmedia":[{"embeddable":true,"href":"https:\/\/hskzrinjski.ba\/en\/wp-json\/wp\/v2\/media\/3098"}],"wp:attachment":[{"href":"https:\/\/hskzrinjski.ba\/en\/wp-json\/wp\/v2\/media?parent=3175"}],"wp:term":[{"taxonomy":"category","embeddable":true,"href":"https:\/\/hskzrinjski.ba\/en\/wp-json\/wp\/v2\/categories?post=3175"},{"taxonomy":"post_tag","embeddable":true,"href":"https:\/\/hskzrinjski.ba\/en\/wp-json\/wp\/v2\/tags?post=3175"}],"curies":[{"name":"wp","href":"https:\/\/api.w.org\/{rel}","templated":true}]}}