{"id":2591,"date":"2024-07-17T10:08:02","date_gmt":"2024-07-17T08:08:02","guid":{"rendered":"https:\/\/hskzrinjski.ba\/predsjednik-lasic-urucio-luki-modricu-dres-s-brojem-23\/"},"modified":"2024-07-18T21:03:44","modified_gmt":"2024-07-18T19:03:44","slug":"predsjednik-lasic-urucio-luki-modricu-dres-s-brojem-23","status":"publish","type":"post","link":"https:\/\/hskzrinjski.ba\/en\/predsjednik-lasic-urucio-luki-modricu-dres-s-brojem-23\/","title":{"rendered":"President Lasi\u0107 presented Luka Modri\u0107 with a jersey bearing the number 23"},"content":{"rendered":"<div class=\"flex-shrink-0 flex flex-col relative items-end\">\n<div>\n<div class=\"pt-0\">\n<div class=\"gizmo-bot-avatar flex h-8 w-8 items-center justify-center overflow-hidden rounded-full\">\n<div class=\"relative p-1 rounded-sm flex items-center justify-center bg-token-main-surface-primary text-token-text-primary h-8 w-8\">Luka Modri\u0107 visited H\u0160K Zrinjski Mostar before the premiere of the film &#8220;The Story of Pride,&#8221; the club where he began his senior career. Modri\u0107, together with the president of the Croatian Football Federation, Marijan Kusti\u0107, visited the H\u0160K Zrinjski stadium, where they were greeted by enthusiastic members of the Football School. In the club facilities, Modri\u0107 and Kusti\u0107 were welcomed by senior club officials.<\/div>\n<\/div>\n<\/div>\n<\/div>\n<\/div>\n<div class=\"group\/conversation-turn relative flex w-full min-w-0 flex-col agent-turn\">\n<div class=\"flex-col gap-1 md:gap-3\">\n<div class=\"flex flex-grow flex-col max-w-full\">\n<div class=\"min-h-[20px] text-message flex w-full flex-col items-end gap-2 whitespace-pre-wrap break-words [.text-message+&amp;]:mt-5 overflow-x-auto\" dir=\"auto\" data-message-author-role=\"assistant\" data-message-id=\"1262d0e9-2d40-4f30-9364-11136e150bce\">\n<div class=\"flex w-full flex-col gap-1 empty:hidden first:pt-[3px]\">\n<div class=\"markdown prose w-full break-words dark:prose-invert dark\">\n<p>The president of H\u0160K Zrinjski, Denis Lasi\u0107, presented Luka Modri\u0107 with a commemorative jersey with the number 23, which he wore in the 2003\/2004 season. In return, the Ballon d&#8217;Or winner gave the Nobles a Croatian national team jersey he wore at the previous European Championship.<\/p>\n<p>Together, they toured the club facilities and reminisced about the early days of one of the greatest players of all time. A commemorative jersey was also presented to Marijan Kusti\u0107, the president of the Croatian Football Federation.<\/p>\n<\/div>\n<\/div>\n<\/div>\n<\/div>\n<\/div>\n<\/div>\n","protected":false},"excerpt":{"rendered":"<p>Luka Modri\u0107 visited H\u0160K Zrinjski Mostar before the premiere of the film &#8220;The Story of Pride,&#8221; the club where he began his senior career. Modri\u0107, together with the president of the Croatian Football Federation, Marijan Kusti\u0107, visited the H\u0160K Zrinjski stadium, where they were greeted by enthusiastic members of the Football School. In the club [&hellip;]<\/p>\n","protected":false},"author":2,"featured_media":2543,"comment_status":"open","ping_status":"open","sticky":false,"template":"","format":"standard","meta":{"_acf_changed":false,"footnotes":""},"categories":[139,77],"tags":[41,156],"acf":[],"yoast_head":"<!-- This site is optimized with the Yoast SEO plugin v22.7 - https:\/\/yoast.com\/wordpress\/plugins\/seo\/ -->\n<title>President Lasi\u0107 presented Luka Modri\u0107 with a jersey bearing the number 23<\/title>\n<meta name=\"robots\" content=\"index, follow, max-snippet:-1, max-image-preview:large, max-video-preview:-1\" \/>\n<link rel=\"canonical\" href=\"https:\/\/hskzrinjski.ba\/en\/predsjednik-lasic-urucio-luki-modricu-dres-s-brojem-23\/\" \/>\n<meta property=\"og:locale\" content=\"en_US\" \/>\n<meta property=\"og:type\" content=\"article\" \/>\n<meta property=\"og:title\" content=\"President Lasi\u0107 presented Luka Modri\u0107 with a jersey bearing the number 23\" \/>\n<meta property=\"og:description\" content=\"Luka Modri\u0107 visited H\u0160K Zrinjski Mostar before the premiere of the film &#8220;The Story of Pride,&#8221; the club where he began his senior career. Modri\u0107, together with the president of the Croatian Football Federation, Marijan Kusti\u0107, visited the H\u0160K Zrinjski stadium, where they were greeted by enthusiastic members of the Football School. In the club [&hellip;]\" \/>\n<meta property=\"og:url\" content=\"https:\/\/hskzrinjski.ba\/en\/predsjednik-lasic-urucio-luki-modricu-dres-s-brojem-23\/\" \/>\n<meta property=\"og:site_name\" content=\"H\u0160K Zrinjski Mostar\" \/>\n<meta property=\"article:publisher\" content=\"https:\/\/www.facebook.com\/hsk.zrinjski\" \/>\n<meta property=\"article:published_time\" content=\"2024-07-17T08:08:02+00:00\" \/>\n<meta property=\"article:modified_time\" content=\"2024-07-18T19:03:44+00:00\" \/>\n<meta property=\"og:image\" content=\"https:\/\/hskzrinjski.ba\/wp-content\/uploads\/2024\/07\/Danko-Sulenta-Denis-Lasic-Luka-Modric.jpg\" \/>\n\t<meta property=\"og:image:width\" content=\"1224\" \/>\n\t<meta property=\"og:image:height\" content=\"700\" \/>\n\t<meta property=\"og:image:type\" content=\"image\/jpeg\" \/>\n<meta name=\"author\" content=\"digital\" \/>\n<meta name=\"twitter:card\" content=\"summary_large_image\" \/>\n<meta name=\"twitter:creator\" content=\"@hskzrinjski\" \/>\n<meta name=\"twitter:site\" content=\"@hskzrinjski\" \/>\n<meta name=\"twitter:label1\" content=\"Written by\" \/>\n\t<meta name=\"twitter:data1\" content=\"digital\" \/>\n\t<meta name=\"twitter:label2\" content=\"Est. reading time\" \/>\n\t<meta name=\"twitter:data2\" content=\"1 minute\" \/>\n<script type=\"application\/ld+json\" class=\"yoast-schema-graph\">{\"@context\":\"https:\/\/schema.org\",\"@graph\":[{\"@type\":\"Article\",\"@id\":\"https:\/\/hskzrinjski.ba\/en\/predsjednik-lasic-urucio-luki-modricu-dres-s-brojem-23\/#article\",\"isPartOf\":{\"@id\":\"https:\/\/hskzrinjski.ba\/en\/predsjednik-lasic-urucio-luki-modricu-dres-s-brojem-23\/\"},\"author\":{\"name\":\"digital\",\"@id\":\"https:\/\/hskzrinjski.ba\/#\/schema\/person\/2ecb5d5097ede382b507ac0951c8e3c3\"},\"headline\":\"President Lasi\u0107 presented Luka Modri\u0107 with a jersey bearing the number 23\",\"datePublished\":\"2024-07-17T08:08:02+00:00\",\"dateModified\":\"2024-07-18T19:03:44+00:00\",\"mainEntityOfPage\":{\"@id\":\"https:\/\/hskzrinjski.ba\/en\/predsjednik-lasic-urucio-luki-modricu-dres-s-brojem-23\/\"},\"wordCount\":161,\"commentCount\":0,\"publisher\":{\"@id\":\"https:\/\/hskzrinjski.ba\/#organization\"},\"image\":{\"@id\":\"https:\/\/hskzrinjski.ba\/en\/predsjednik-lasic-urucio-luki-modricu-dres-s-brojem-23\/#primaryimage\"},\"thumbnailUrl\":\"https:\/\/hskzrinjski.ba\/wp-content\/uploads\/2024\/07\/Danko-Sulenta-Denis-Lasic-Luka-Modric.jpg\",\"keywords\":[\"h\u0161k zrinjski\",\"luka modri\u0107\"],\"articleSection\":[\"Club\",\"Featured\"],\"inLanguage\":\"en-US\",\"potentialAction\":[{\"@type\":\"CommentAction\",\"name\":\"Comment\",\"target\":[\"https:\/\/hskzrinjski.ba\/en\/predsjednik-lasic-urucio-luki-modricu-dres-s-brojem-23\/#respond\"]}]},{\"@type\":\"WebPage\",\"@id\":\"https:\/\/hskzrinjski.ba\/en\/predsjednik-lasic-urucio-luki-modricu-dres-s-brojem-23\/\",\"url\":\"https:\/\/hskzrinjski.ba\/en\/predsjednik-lasic-urucio-luki-modricu-dres-s-brojem-23\/\",\"name\":\"President Lasi\u0107 presented Luka Modri\u0107 with a jersey bearing the number 23\",\"isPartOf\":{\"@id\":\"https:\/\/hskzrinjski.ba\/#website\"},\"primaryImageOfPage\":{\"@id\":\"https:\/\/hskzrinjski.ba\/en\/predsjednik-lasic-urucio-luki-modricu-dres-s-brojem-23\/#primaryimage\"},\"image\":{\"@id\":\"https:\/\/hskzrinjski.ba\/en\/predsjednik-lasic-urucio-luki-modricu-dres-s-brojem-23\/#primaryimage\"},\"thumbnailUrl\":\"https:\/\/hskzrinjski.ba\/wp-content\/uploads\/2024\/07\/Danko-Sulenta-Denis-Lasic-Luka-Modric.jpg\",\"datePublished\":\"2024-07-17T08:08:02+00:00\",\"dateModified\":\"2024-07-18T19:03:44+00:00\",\"breadcrumb\":{\"@id\":\"https:\/\/hskzrinjski.ba\/en\/predsjednik-lasic-urucio-luki-modricu-dres-s-brojem-23\/#breadcrumb\"},\"inLanguage\":\"en-US\",\"potentialAction\":[{\"@type\":\"ReadAction\",\"target\":[\"https:\/\/hskzrinjski.ba\/en\/predsjednik-lasic-urucio-luki-modricu-dres-s-brojem-23\/\"]}]},{\"@type\":\"ImageObject\",\"inLanguage\":\"en-US\",\"@id\":\"https:\/\/hskzrinjski.ba\/en\/predsjednik-lasic-urucio-luki-modricu-dres-s-brojem-23\/#primaryimage\",\"url\":\"https:\/\/hskzrinjski.ba\/wp-content\/uploads\/2024\/07\/Danko-Sulenta-Denis-Lasic-Luka-Modric.jpg\",\"contentUrl\":\"https:\/\/hskzrinjski.ba\/wp-content\/uploads\/2024\/07\/Danko-Sulenta-Denis-Lasic-Luka-Modric.jpg\",\"width\":1224,\"height\":700},{\"@type\":\"BreadcrumbList\",\"@id\":\"https:\/\/hskzrinjski.ba\/en\/predsjednik-lasic-urucio-luki-modricu-dres-s-brojem-23\/#breadcrumb\",\"itemListElement\":[{\"@type\":\"ListItem\",\"position\":1,\"name\":\"Home\",\"item\":\"https:\/\/hskzrinjski.ba\/en\/\"},{\"@type\":\"ListItem\",\"position\":2,\"name\":\"President Lasi\u0107 presented Luka Modri\u0107 with a jersey bearing the number 23\"}]},{\"@type\":\"WebSite\",\"@id\":\"https:\/\/hskzrinjski.ba\/#website\",\"url\":\"https:\/\/hskzrinjski.ba\/\",\"name\":\"H\u0160K Zrinjski Mostar\",\"description\":\"\u017divot i vi\u0161e.\",\"publisher\":{\"@id\":\"https:\/\/hskzrinjski.ba\/#organization\"},\"alternateName\":\"Zrinjski Mostar\",\"potentialAction\":[{\"@type\":\"SearchAction\",\"target\":{\"@type\":\"EntryPoint\",\"urlTemplate\":\"https:\/\/hskzrinjski.ba\/?s={search_term_string}\"},\"query-input\":\"required name=search_term_string\"}],\"inLanguage\":\"en-US\"},{\"@type\":\"Organization\",\"@id\":\"https:\/\/hskzrinjski.ba\/#organization\",\"name\":\"Hrvatski \u0161portski klub Zrinjski Mostar\",\"alternateName\":\"H\u0160K Zrinjski Mostar\",\"url\":\"https:\/\/hskzrinjski.ba\/\",\"logo\":{\"@type\":\"ImageObject\",\"inLanguage\":\"en-US\",\"@id\":\"https:\/\/hskzrinjski.ba\/#\/schema\/logo\/image\/\",\"url\":\"https:\/\/hskzrinjski.ba\/wp-content\/uploads\/2024\/05\/HSK-Zrinjski-Grb.png\",\"contentUrl\":\"https:\/\/hskzrinjski.ba\/wp-content\/uploads\/2024\/05\/HSK-Zrinjski-Grb.png\",\"width\":656,\"height\":656,\"caption\":\"Hrvatski \u0161portski klub Zrinjski Mostar\"},\"image\":{\"@id\":\"https:\/\/hskzrinjski.ba\/#\/schema\/logo\/image\/\"},\"sameAs\":[\"https:\/\/www.facebook.com\/hsk.zrinjski\",\"https:\/\/x.com\/hskzrinjski\",\"https:\/\/www.instagram.com\/hsk.zrinjski\"]},{\"@type\":\"Person\",\"@id\":\"https:\/\/hskzrinjski.ba\/#\/schema\/person\/2ecb5d5097ede382b507ac0951c8e3c3\",\"name\":\"digital\",\"image\":{\"@type\":\"ImageObject\",\"inLanguage\":\"en-US\",\"@id\":\"https:\/\/hskzrinjski.ba\/#\/schema\/person\/image\/\",\"url\":\"https:\/\/secure.gravatar.com\/avatar\/c68a05d9eee4965a7a8d532c1bceed00?s=96&d=mm&r=g\",\"contentUrl\":\"https:\/\/secure.gravatar.com\/avatar\/c68a05d9eee4965a7a8d532c1bceed00?s=96&d=mm&r=g\",\"caption\":\"digital\"},\"url\":\"https:\/\/hskzrinjski.ba\/en\/author\/digital\/\"}]}<\/script>\n<!-- \/ Yoast SEO plugin. -->","yoast_head_json":{"title":"President Lasi\u0107 presented Luka Modri\u0107 with a jersey bearing the number 23","robots":{"index":"index","follow":"follow","max-snippet":"max-snippet:-1","max-image-preview":"max-image-preview:large","max-video-preview":"max-video-preview:-1"},"canonical":"https:\/\/hskzrinjski.ba\/en\/predsjednik-lasic-urucio-luki-modricu-dres-s-brojem-23\/","og_locale":"en_US","og_type":"article","og_title":"President Lasi\u0107 presented Luka Modri\u0107 with a jersey bearing the number 23","og_description":"Luka Modri\u0107 visited H\u0160K Zrinjski Mostar before the premiere of the film &#8220;The Story of Pride,&#8221; the club where he began his senior career. Modri\u0107, together with the president of the Croatian Football Federation, Marijan Kusti\u0107, visited the H\u0160K Zrinjski stadium, where they were greeted by enthusiastic members of the Football School. In the club [&hellip;]","og_url":"https:\/\/hskzrinjski.ba\/en\/predsjednik-lasic-urucio-luki-modricu-dres-s-brojem-23\/","og_site_name":"H\u0160K Zrinjski Mostar","article_publisher":"https:\/\/www.facebook.com\/hsk.zrinjski","article_published_time":"2024-07-17T08:08:02+00:00","article_modified_time":"2024-07-18T19:03:44+00:00","og_image":[{"width":1224,"height":700,"url":"https:\/\/hskzrinjski.ba\/wp-content\/uploads\/2024\/07\/Danko-Sulenta-Denis-Lasic-Luka-Modric.jpg","type":"image\/jpeg"}],"author":"digital","twitter_card":"summary_large_image","twitter_creator":"@hskzrinjski","twitter_site":"@hskzrinjski","twitter_misc":{"Written by":"digital","Est. reading time":"1 minute"},"schema":{"@context":"https:\/\/schema.org","@graph":[{"@type":"Article","@id":"https:\/\/hskzrinjski.ba\/en\/predsjednik-lasic-urucio-luki-modricu-dres-s-brojem-23\/#article","isPartOf":{"@id":"https:\/\/hskzrinjski.ba\/en\/predsjednik-lasic-urucio-luki-modricu-dres-s-brojem-23\/"},"author":{"name":"digital","@id":"https:\/\/hskzrinjski.ba\/#\/schema\/person\/2ecb5d5097ede382b507ac0951c8e3c3"},"headline":"President Lasi\u0107 presented Luka Modri\u0107 with a jersey bearing the number 23","datePublished":"2024-07-17T08:08:02+00:00","dateModified":"2024-07-18T19:03:44+00:00","mainEntityOfPage":{"@id":"https:\/\/hskzrinjski.ba\/en\/predsjednik-lasic-urucio-luki-modricu-dres-s-brojem-23\/"},"wordCount":161,"commentCount":0,"publisher":{"@id":"https:\/\/hskzrinjski.ba\/#organization"},"image":{"@id":"https:\/\/hskzrinjski.ba\/en\/predsjednik-lasic-urucio-luki-modricu-dres-s-brojem-23\/#primaryimage"},"thumbnailUrl":"https:\/\/hskzrinjski.ba\/wp-content\/uploads\/2024\/07\/Danko-Sulenta-Denis-Lasic-Luka-Modric.jpg","keywords":["h\u0161k zrinjski","luka modri\u0107"],"articleSection":["Club","Featured"],"inLanguage":"en-US","potentialAction":[{"@type":"CommentAction","name":"Comment","target":["https:\/\/hskzrinjski.ba\/en\/predsjednik-lasic-urucio-luki-modricu-dres-s-brojem-23\/#respond"]}]},{"@type":"WebPage","@id":"https:\/\/hskzrinjski.ba\/en\/predsjednik-lasic-urucio-luki-modricu-dres-s-brojem-23\/","url":"https:\/\/hskzrinjski.ba\/en\/predsjednik-lasic-urucio-luki-modricu-dres-s-brojem-23\/","name":"President Lasi\u0107 presented Luka Modri\u0107 with a jersey bearing the number 23","isPartOf":{"@id":"https:\/\/hskzrinjski.ba\/#website"},"primaryImageOfPage":{"@id":"https:\/\/hskzrinjski.ba\/en\/predsjednik-lasic-urucio-luki-modricu-dres-s-brojem-23\/#primaryimage"},"image":{"@id":"https:\/\/hskzrinjski.ba\/en\/predsjednik-lasic-urucio-luki-modricu-dres-s-brojem-23\/#primaryimage"},"thumbnailUrl":"https:\/\/hskzrinjski.ba\/wp-content\/uploads\/2024\/07\/Danko-Sulenta-Denis-Lasic-Luka-Modric.jpg","datePublished":"2024-07-17T08:08:02+00:00","dateModified":"2024-07-18T19:03:44+00:00","breadcrumb":{"@id":"https:\/\/hskzrinjski.ba\/en\/predsjednik-lasic-urucio-luki-modricu-dres-s-brojem-23\/#breadcrumb"},"inLanguage":"en-US","potentialAction":[{"@type":"ReadAction","target":["https:\/\/hskzrinjski.ba\/en\/predsjednik-lasic-urucio-luki-modricu-dres-s-brojem-23\/"]}]},{"@type":"ImageObject","inLanguage":"en-US","@id":"https:\/\/hskzrinjski.ba\/en\/predsjednik-lasic-urucio-luki-modricu-dres-s-brojem-23\/#primaryimage","url":"https:\/\/hskzrinjski.ba\/wp-content\/uploads\/2024\/07\/Danko-Sulenta-Denis-Lasic-Luka-Modric.jpg","contentUrl":"https:\/\/hskzrinjski.ba\/wp-content\/uploads\/2024\/07\/Danko-Sulenta-Denis-Lasic-Luka-Modric.jpg","width":1224,"height":700},{"@type":"BreadcrumbList","@id":"https:\/\/hskzrinjski.ba\/en\/predsjednik-lasic-urucio-luki-modricu-dres-s-brojem-23\/#breadcrumb","itemListElement":[{"@type":"ListItem","position":1,"name":"Home","item":"https:\/\/hskzrinjski.ba\/en\/"},{"@type":"ListItem","position":2,"name":"President Lasi\u0107 presented Luka Modri\u0107 with a jersey bearing the number 23"}]},{"@type":"WebSite","@id":"https:\/\/hskzrinjski.ba\/#website","url":"https:\/\/hskzrinjski.ba\/","name":"H\u0160K Zrinjski Mostar","description":"\u017divot i vi\u0161e.","publisher":{"@id":"https:\/\/hskzrinjski.ba\/#organization"},"alternateName":"Zrinjski Mostar","potentialAction":[{"@type":"SearchAction","target":{"@type":"EntryPoint","urlTemplate":"https:\/\/hskzrinjski.ba\/?s={search_term_string}"},"query-input":"required name=search_term_string"}],"inLanguage":"en-US"},{"@type":"Organization","@id":"https:\/\/hskzrinjski.ba\/#organization","name":"Hrvatski \u0161portski klub Zrinjski Mostar","alternateName":"H\u0160K Zrinjski Mostar","url":"https:\/\/hskzrinjski.ba\/","logo":{"@type":"ImageObject","inLanguage":"en-US","@id":"https:\/\/hskzrinjski.ba\/#\/schema\/logo\/image\/","url":"https:\/\/hskzrinjski.ba\/wp-content\/uploads\/2024\/05\/HSK-Zrinjski-Grb.png","contentUrl":"https:\/\/hskzrinjski.ba\/wp-content\/uploads\/2024\/05\/HSK-Zrinjski-Grb.png","width":656,"height":656,"caption":"Hrvatski \u0161portski klub Zrinjski Mostar"},"image":{"@id":"https:\/\/hskzrinjski.ba\/#\/schema\/logo\/image\/"},"sameAs":["https:\/\/www.facebook.com\/hsk.zrinjski","https:\/\/x.com\/hskzrinjski","https:\/\/www.instagram.com\/hsk.zrinjski"]},{"@type":"Person","@id":"https:\/\/hskzrinjski.ba\/#\/schema\/person\/2ecb5d5097ede382b507ac0951c8e3c3","name":"digital","image":{"@type":"ImageObject","inLanguage":"en-US","@id":"https:\/\/hskzrinjski.ba\/#\/schema\/person\/image\/","url":"https:\/\/secure.gravatar.com\/avatar\/c68a05d9eee4965a7a8d532c1bceed00?s=96&d=mm&r=g","contentUrl":"https:\/\/secure.gravatar.com\/avatar\/c68a05d9eee4965a7a8d532c1bceed00?s=96&d=mm&r=g","caption":"digital"},"url":"https:\/\/hskzrinjski.ba\/en\/author\/digital\/"}]}},"_links":{"self":[{"href":"https:\/\/hskzrinjski.ba\/en\/wp-json\/wp\/v2\/posts\/2591"}],"collection":[{"href":"https:\/\/hskzrinjski.ba\/en\/wp-json\/wp\/v2\/posts"}],"about":[{"href":"https:\/\/hskzrinjski.ba\/en\/wp-json\/wp\/v2\/types\/post"}],"author":[{"embeddable":true,"href":"https:\/\/hskzrinjski.ba\/en\/wp-json\/wp\/v2\/users\/2"}],"replies":[{"embeddable":true,"href":"https:\/\/hskzrinjski.ba\/en\/wp-json\/wp\/v2\/comments?post=2591"}],"version-history":[{"count":1,"href":"https:\/\/hskzrinjski.ba\/en\/wp-json\/wp\/v2\/posts\/2591\/revisions"}],"predecessor-version":[{"id":2592,"href":"https:\/\/hskzrinjski.ba\/en\/wp-json\/wp\/v2\/posts\/2591\/revisions\/2592"}],"wp:featuredmedia":[{"embeddable":true,"href":"https:\/\/hskzrinjski.ba\/en\/wp-json\/wp\/v2\/media\/2543"}],"wp:attachment":[{"href":"https:\/\/hskzrinjski.ba\/en\/wp-json\/wp\/v2\/media?parent=2591"}],"wp:term":[{"taxonomy":"category","embeddable":true,"href":"https:\/\/hskzrinjski.ba\/en\/wp-json\/wp\/v2\/categories?post=2591"},{"taxonomy":"post_tag","embeddable":true,"href":"https:\/\/hskzrinjski.ba\/en\/wp-json\/wp\/v2\/tags?post=2591"}],"curies":[{"name":"wp","href":"https:\/\/api.w.org\/{rel}","templated":true}]}}