{"id":2588,"date":"2024-07-16T13:39:50","date_gmt":"2024-07-16T11:39:50","guid":{"rendered":"https:\/\/hskzrinjski.ba\/premijera-dokumentarnog-filma-hsk-zrinjski-prica-o-ponosu\/"},"modified":"2024-07-18T21:02:27","modified_gmt":"2024-07-18T19:02:27","slug":"premijera-dokumentarnog-filma-hsk-zrinjski-prica-o-ponosu","status":"publish","type":"post","link":"https:\/\/hskzrinjski.ba\/en\/premijera-dokumentarnog-filma-hsk-zrinjski-prica-o-ponosu\/","title":{"rendered":"Premiere of the documentary film &#8220;H\u0160K Zrinjski &#8211; The Story of Pride&#8221;"},"content":{"rendered":"<p>The documentary film &#8220;H\u0160K Zrinjski &#8211; The Story of Pride&#8221; premiered on Monday in a packed Hrvatski Dom Herceg Stjepan Kosa\u010da.<\/p>\n<p>Directed by Dragan Komadina, the film was initiated by producer Neven Jerki\u0107 and produced by Masters Investments. Alongside director Komadina, researchers and screenwriters Josip Marinovi\u0107 and Nino Rotim worked on the film for the past three years.<\/p>\n<p>&#8220;It was an evening of pride, a brilliant evening with great energy that touched my emotions deeply. It shows how much this story of Zrinjski mattered to all of us. This is a story about this city, not just Zrinjski, and about a history from the first half of the last century that remained untold,&#8221; said Komadina after the premiere.<\/p>\n<p>The documentary covers the circumstances of the founding, operations, and violent dissolution of Zrinjski in 1945, as well as the motivations for its revival in the early 1990s.<\/p>\n<p>The film was produced independently, driven and inspired by a deep responsibility and love for the history of the city and the club. It offers scientific, objective insights into the historical context of Zrinjski&#8217;s development, as well as the development of sports in Mostar and Bosnia and Herzegovina in general.<\/p>\n<p>The premiere in a packed Kosa\u010da was attended by the entire first team of the eight-time champions, led by the coaching staff and the club&#8217;s management. The event was also graced by Luka Modri\u0107, the captain of the Croatian national football team, Ballon d&#8217;Or winner, and Real Madrid star who began his senior career in our club&#8217;s jersey.<\/p>\n<p>Before the premiere, Modri\u0107, along with the president of the Croatian Football Federation, Marijan Kusti\u0107, visited the H\u0160K Zrinjski stadium. They were greeted by enthusiastic youth academy members, and in the club&#8217;s facilities, Modri\u0107 and Kusti\u0107 were received by senior club officials who presented the Ballon d&#8217;Or winner with a commemorative jersey bearing the number 23, which he wore in the 2003\/2004 season. In return, Modri\u0107 presented Zrinjski with a Croatian national team jersey he wore at the last European Championship.<\/p>\n<p>H\u0160K Zrinjski Mostar sincerely thanks everyone who contributed to the realization of the documentary film &#8220;H\u0160K Zrinjski &#8211; The Story of Pride,&#8221; especially producer Neven Jerki\u0107, director and screenwriter Dragan Komadina, and researchers and screenwriters Josip Marinovi\u0107 and Nino Rotim.<\/p>\n","protected":false},"excerpt":{"rendered":"<p>The documentary film &#8220;H\u0160K Zrinjski &#8211; The Story of Pride&#8221; premiered on Monday in a packed Hrvatski Dom Herceg Stjepan Kosa\u010da. Directed by Dragan Komadina, the film was initiated by producer Neven Jerki\u0107 and produced by Masters Investments. Alongside director Komadina, researchers and screenwriters Josip Marinovi\u0107 and Nino Rotim worked on the film for the [&hellip;]<\/p>\n","protected":false},"author":2,"featured_media":2539,"comment_status":"open","ping_status":"open","sticky":false,"template":"","format":"standard","meta":{"_acf_changed":false,"footnotes":""},"categories":[139,77],"tags":[178,156,315],"acf":[],"yoast_head":"<!-- This site is optimized with the Yoast SEO plugin v22.7 - https:\/\/yoast.com\/wordpress\/plugins\/seo\/ -->\n<title>Premiere of the documentary film &quot;H\u0160K Zrinjski - The Story of Pride&quot;<\/title>\n<meta name=\"robots\" content=\"index, follow, max-snippet:-1, max-image-preview:large, max-video-preview:-1\" \/>\n<link rel=\"canonical\" href=\"https:\/\/hskzrinjski.ba\/en\/premijera-dokumentarnog-filma-hsk-zrinjski-prica-o-ponosu\/\" \/>\n<meta property=\"og:locale\" content=\"en_US\" \/>\n<meta property=\"og:type\" content=\"article\" \/>\n<meta property=\"og:title\" content=\"Premiere of the documentary film &quot;H\u0160K Zrinjski - The Story of Pride&quot;\" \/>\n<meta property=\"og:description\" content=\"The documentary film &#8220;H\u0160K Zrinjski &#8211; The Story of Pride&#8221; premiered on Monday in a packed Hrvatski Dom Herceg Stjepan Kosa\u010da. Directed by Dragan Komadina, the film was initiated by producer Neven Jerki\u0107 and produced by Masters Investments. Alongside director Komadina, researchers and screenwriters Josip Marinovi\u0107 and Nino Rotim worked on the film for the [&hellip;]\" \/>\n<meta property=\"og:url\" content=\"https:\/\/hskzrinjski.ba\/en\/premijera-dokumentarnog-filma-hsk-zrinjski-prica-o-ponosu\/\" \/>\n<meta property=\"og:site_name\" content=\"H\u0160K Zrinjski Mostar\" \/>\n<meta property=\"article:publisher\" content=\"https:\/\/www.facebook.com\/hsk.zrinjski\" \/>\n<meta property=\"article:published_time\" content=\"2024-07-16T11:39:50+00:00\" \/>\n<meta property=\"article:modified_time\" content=\"2024-07-18T19:02:27+00:00\" \/>\n<meta property=\"og:image\" content=\"https:\/\/hskzrinjski.ba\/wp-content\/uploads\/2024\/07\/Prica-o-ponosu.jpg\" \/>\n\t<meta property=\"og:image:width\" content=\"1224\" \/>\n\t<meta property=\"og:image:height\" content=\"700\" \/>\n\t<meta property=\"og:image:type\" content=\"image\/jpeg\" \/>\n<meta name=\"author\" content=\"digital\" \/>\n<meta name=\"twitter:card\" content=\"summary_large_image\" \/>\n<meta name=\"twitter:creator\" content=\"@hskzrinjski\" \/>\n<meta name=\"twitter:site\" content=\"@hskzrinjski\" \/>\n<meta name=\"twitter:label1\" content=\"Written by\" \/>\n\t<meta name=\"twitter:data1\" content=\"digital\" \/>\n\t<meta name=\"twitter:label2\" content=\"Est. reading time\" \/>\n\t<meta name=\"twitter:data2\" content=\"2 minutes\" \/>\n<script type=\"application\/ld+json\" class=\"yoast-schema-graph\">{\"@context\":\"https:\/\/schema.org\",\"@graph\":[{\"@type\":\"Article\",\"@id\":\"https:\/\/hskzrinjski.ba\/en\/premijera-dokumentarnog-filma-hsk-zrinjski-prica-o-ponosu\/#article\",\"isPartOf\":{\"@id\":\"https:\/\/hskzrinjski.ba\/en\/premijera-dokumentarnog-filma-hsk-zrinjski-prica-o-ponosu\/\"},\"author\":{\"name\":\"digital\",\"@id\":\"https:\/\/hskzrinjski.ba\/#\/schema\/person\/2ecb5d5097ede382b507ac0951c8e3c3\"},\"headline\":\"Premiere of the documentary film &#8220;H\u0160K Zrinjski &#8211; The Story of Pride&#8221;\",\"datePublished\":\"2024-07-16T11:39:50+00:00\",\"dateModified\":\"2024-07-18T19:02:27+00:00\",\"mainEntityOfPage\":{\"@id\":\"https:\/\/hskzrinjski.ba\/en\/premijera-dokumentarnog-filma-hsk-zrinjski-prica-o-ponosu\/\"},\"wordCount\":397,\"commentCount\":0,\"publisher\":{\"@id\":\"https:\/\/hskzrinjski.ba\/#organization\"},\"image\":{\"@id\":\"https:\/\/hskzrinjski.ba\/en\/premijera-dokumentarnog-filma-hsk-zrinjski-prica-o-ponosu\/#primaryimage\"},\"thumbnailUrl\":\"https:\/\/hskzrinjski.ba\/wp-content\/uploads\/2024\/07\/Prica-o-ponosu.jpg\",\"keywords\":[\"dokumentarni film\",\"luka modri\u0107\",\"Pri\u010da o ponosu\"],\"articleSection\":[\"Club\",\"Featured\"],\"inLanguage\":\"en-US\",\"potentialAction\":[{\"@type\":\"CommentAction\",\"name\":\"Comment\",\"target\":[\"https:\/\/hskzrinjski.ba\/en\/premijera-dokumentarnog-filma-hsk-zrinjski-prica-o-ponosu\/#respond\"]}]},{\"@type\":\"WebPage\",\"@id\":\"https:\/\/hskzrinjski.ba\/en\/premijera-dokumentarnog-filma-hsk-zrinjski-prica-o-ponosu\/\",\"url\":\"https:\/\/hskzrinjski.ba\/en\/premijera-dokumentarnog-filma-hsk-zrinjski-prica-o-ponosu\/\",\"name\":\"Premiere of the documentary film \\\"H\u0160K Zrinjski - The Story of Pride\\\"\",\"isPartOf\":{\"@id\":\"https:\/\/hskzrinjski.ba\/#website\"},\"primaryImageOfPage\":{\"@id\":\"https:\/\/hskzrinjski.ba\/en\/premijera-dokumentarnog-filma-hsk-zrinjski-prica-o-ponosu\/#primaryimage\"},\"image\":{\"@id\":\"https:\/\/hskzrinjski.ba\/en\/premijera-dokumentarnog-filma-hsk-zrinjski-prica-o-ponosu\/#primaryimage\"},\"thumbnailUrl\":\"https:\/\/hskzrinjski.ba\/wp-content\/uploads\/2024\/07\/Prica-o-ponosu.jpg\",\"datePublished\":\"2024-07-16T11:39:50+00:00\",\"dateModified\":\"2024-07-18T19:02:27+00:00\",\"breadcrumb\":{\"@id\":\"https:\/\/hskzrinjski.ba\/en\/premijera-dokumentarnog-filma-hsk-zrinjski-prica-o-ponosu\/#breadcrumb\"},\"inLanguage\":\"en-US\",\"potentialAction\":[{\"@type\":\"ReadAction\",\"target\":[\"https:\/\/hskzrinjski.ba\/en\/premijera-dokumentarnog-filma-hsk-zrinjski-prica-o-ponosu\/\"]}]},{\"@type\":\"ImageObject\",\"inLanguage\":\"en-US\",\"@id\":\"https:\/\/hskzrinjski.ba\/en\/premijera-dokumentarnog-filma-hsk-zrinjski-prica-o-ponosu\/#primaryimage\",\"url\":\"https:\/\/hskzrinjski.ba\/wp-content\/uploads\/2024\/07\/Prica-o-ponosu.jpg\",\"contentUrl\":\"https:\/\/hskzrinjski.ba\/wp-content\/uploads\/2024\/07\/Prica-o-ponosu.jpg\",\"width\":1224,\"height\":700},{\"@type\":\"BreadcrumbList\",\"@id\":\"https:\/\/hskzrinjski.ba\/en\/premijera-dokumentarnog-filma-hsk-zrinjski-prica-o-ponosu\/#breadcrumb\",\"itemListElement\":[{\"@type\":\"ListItem\",\"position\":1,\"name\":\"Home\",\"item\":\"https:\/\/hskzrinjski.ba\/en\/\"},{\"@type\":\"ListItem\",\"position\":2,\"name\":\"Premiere of the documentary film &#8220;H\u0160K Zrinjski &#8211; The Story of Pride&#8221;\"}]},{\"@type\":\"WebSite\",\"@id\":\"https:\/\/hskzrinjski.ba\/#website\",\"url\":\"https:\/\/hskzrinjski.ba\/\",\"name\":\"H\u0160K Zrinjski Mostar\",\"description\":\"\u017divot i vi\u0161e.\",\"publisher\":{\"@id\":\"https:\/\/hskzrinjski.ba\/#organization\"},\"alternateName\":\"Zrinjski Mostar\",\"potentialAction\":[{\"@type\":\"SearchAction\",\"target\":{\"@type\":\"EntryPoint\",\"urlTemplate\":\"https:\/\/hskzrinjski.ba\/?s={search_term_string}\"},\"query-input\":\"required name=search_term_string\"}],\"inLanguage\":\"en-US\"},{\"@type\":\"Organization\",\"@id\":\"https:\/\/hskzrinjski.ba\/#organization\",\"name\":\"Hrvatski \u0161portski klub Zrinjski Mostar\",\"alternateName\":\"H\u0160K Zrinjski Mostar\",\"url\":\"https:\/\/hskzrinjski.ba\/\",\"logo\":{\"@type\":\"ImageObject\",\"inLanguage\":\"en-US\",\"@id\":\"https:\/\/hskzrinjski.ba\/#\/schema\/logo\/image\/\",\"url\":\"https:\/\/hskzrinjski.ba\/wp-content\/uploads\/2024\/05\/HSK-Zrinjski-Grb.png\",\"contentUrl\":\"https:\/\/hskzrinjski.ba\/wp-content\/uploads\/2024\/05\/HSK-Zrinjski-Grb.png\",\"width\":656,\"height\":656,\"caption\":\"Hrvatski \u0161portski klub Zrinjski Mostar\"},\"image\":{\"@id\":\"https:\/\/hskzrinjski.ba\/#\/schema\/logo\/image\/\"},\"sameAs\":[\"https:\/\/www.facebook.com\/hsk.zrinjski\",\"https:\/\/x.com\/hskzrinjski\",\"https:\/\/www.instagram.com\/hsk.zrinjski\"]},{\"@type\":\"Person\",\"@id\":\"https:\/\/hskzrinjski.ba\/#\/schema\/person\/2ecb5d5097ede382b507ac0951c8e3c3\",\"name\":\"digital\",\"image\":{\"@type\":\"ImageObject\",\"inLanguage\":\"en-US\",\"@id\":\"https:\/\/hskzrinjski.ba\/#\/schema\/person\/image\/\",\"url\":\"https:\/\/secure.gravatar.com\/avatar\/c68a05d9eee4965a7a8d532c1bceed00?s=96&d=mm&r=g\",\"contentUrl\":\"https:\/\/secure.gravatar.com\/avatar\/c68a05d9eee4965a7a8d532c1bceed00?s=96&d=mm&r=g\",\"caption\":\"digital\"},\"url\":\"https:\/\/hskzrinjski.ba\/en\/author\/digital\/\"}]}<\/script>\n<!-- \/ Yoast SEO plugin. -->","yoast_head_json":{"title":"Premiere of the documentary film \"H\u0160K Zrinjski - The Story of Pride\"","robots":{"index":"index","follow":"follow","max-snippet":"max-snippet:-1","max-image-preview":"max-image-preview:large","max-video-preview":"max-video-preview:-1"},"canonical":"https:\/\/hskzrinjski.ba\/en\/premijera-dokumentarnog-filma-hsk-zrinjski-prica-o-ponosu\/","og_locale":"en_US","og_type":"article","og_title":"Premiere of the documentary film \"H\u0160K Zrinjski - The Story of Pride\"","og_description":"The documentary film &#8220;H\u0160K Zrinjski &#8211; The Story of Pride&#8221; premiered on Monday in a packed Hrvatski Dom Herceg Stjepan Kosa\u010da. Directed by Dragan Komadina, the film was initiated by producer Neven Jerki\u0107 and produced by Masters Investments. Alongside director Komadina, researchers and screenwriters Josip Marinovi\u0107 and Nino Rotim worked on the film for the [&hellip;]","og_url":"https:\/\/hskzrinjski.ba\/en\/premijera-dokumentarnog-filma-hsk-zrinjski-prica-o-ponosu\/","og_site_name":"H\u0160K Zrinjski Mostar","article_publisher":"https:\/\/www.facebook.com\/hsk.zrinjski","article_published_time":"2024-07-16T11:39:50+00:00","article_modified_time":"2024-07-18T19:02:27+00:00","og_image":[{"width":1224,"height":700,"url":"https:\/\/hskzrinjski.ba\/wp-content\/uploads\/2024\/07\/Prica-o-ponosu.jpg","type":"image\/jpeg"}],"author":"digital","twitter_card":"summary_large_image","twitter_creator":"@hskzrinjski","twitter_site":"@hskzrinjski","twitter_misc":{"Written by":"digital","Est. reading time":"2 minutes"},"schema":{"@context":"https:\/\/schema.org","@graph":[{"@type":"Article","@id":"https:\/\/hskzrinjski.ba\/en\/premijera-dokumentarnog-filma-hsk-zrinjski-prica-o-ponosu\/#article","isPartOf":{"@id":"https:\/\/hskzrinjski.ba\/en\/premijera-dokumentarnog-filma-hsk-zrinjski-prica-o-ponosu\/"},"author":{"name":"digital","@id":"https:\/\/hskzrinjski.ba\/#\/schema\/person\/2ecb5d5097ede382b507ac0951c8e3c3"},"headline":"Premiere of the documentary film &#8220;H\u0160K Zrinjski &#8211; The Story of Pride&#8221;","datePublished":"2024-07-16T11:39:50+00:00","dateModified":"2024-07-18T19:02:27+00:00","mainEntityOfPage":{"@id":"https:\/\/hskzrinjski.ba\/en\/premijera-dokumentarnog-filma-hsk-zrinjski-prica-o-ponosu\/"},"wordCount":397,"commentCount":0,"publisher":{"@id":"https:\/\/hskzrinjski.ba\/#organization"},"image":{"@id":"https:\/\/hskzrinjski.ba\/en\/premijera-dokumentarnog-filma-hsk-zrinjski-prica-o-ponosu\/#primaryimage"},"thumbnailUrl":"https:\/\/hskzrinjski.ba\/wp-content\/uploads\/2024\/07\/Prica-o-ponosu.jpg","keywords":["dokumentarni film","luka modri\u0107","Pri\u010da o ponosu"],"articleSection":["Club","Featured"],"inLanguage":"en-US","potentialAction":[{"@type":"CommentAction","name":"Comment","target":["https:\/\/hskzrinjski.ba\/en\/premijera-dokumentarnog-filma-hsk-zrinjski-prica-o-ponosu\/#respond"]}]},{"@type":"WebPage","@id":"https:\/\/hskzrinjski.ba\/en\/premijera-dokumentarnog-filma-hsk-zrinjski-prica-o-ponosu\/","url":"https:\/\/hskzrinjski.ba\/en\/premijera-dokumentarnog-filma-hsk-zrinjski-prica-o-ponosu\/","name":"Premiere of the documentary film \"H\u0160K Zrinjski - The Story of Pride\"","isPartOf":{"@id":"https:\/\/hskzrinjski.ba\/#website"},"primaryImageOfPage":{"@id":"https:\/\/hskzrinjski.ba\/en\/premijera-dokumentarnog-filma-hsk-zrinjski-prica-o-ponosu\/#primaryimage"},"image":{"@id":"https:\/\/hskzrinjski.ba\/en\/premijera-dokumentarnog-filma-hsk-zrinjski-prica-o-ponosu\/#primaryimage"},"thumbnailUrl":"https:\/\/hskzrinjski.ba\/wp-content\/uploads\/2024\/07\/Prica-o-ponosu.jpg","datePublished":"2024-07-16T11:39:50+00:00","dateModified":"2024-07-18T19:02:27+00:00","breadcrumb":{"@id":"https:\/\/hskzrinjski.ba\/en\/premijera-dokumentarnog-filma-hsk-zrinjski-prica-o-ponosu\/#breadcrumb"},"inLanguage":"en-US","potentialAction":[{"@type":"ReadAction","target":["https:\/\/hskzrinjski.ba\/en\/premijera-dokumentarnog-filma-hsk-zrinjski-prica-o-ponosu\/"]}]},{"@type":"ImageObject","inLanguage":"en-US","@id":"https:\/\/hskzrinjski.ba\/en\/premijera-dokumentarnog-filma-hsk-zrinjski-prica-o-ponosu\/#primaryimage","url":"https:\/\/hskzrinjski.ba\/wp-content\/uploads\/2024\/07\/Prica-o-ponosu.jpg","contentUrl":"https:\/\/hskzrinjski.ba\/wp-content\/uploads\/2024\/07\/Prica-o-ponosu.jpg","width":1224,"height":700},{"@type":"BreadcrumbList","@id":"https:\/\/hskzrinjski.ba\/en\/premijera-dokumentarnog-filma-hsk-zrinjski-prica-o-ponosu\/#breadcrumb","itemListElement":[{"@type":"ListItem","position":1,"name":"Home","item":"https:\/\/hskzrinjski.ba\/en\/"},{"@type":"ListItem","position":2,"name":"Premiere of the documentary film &#8220;H\u0160K Zrinjski &#8211; The Story of Pride&#8221;"}]},{"@type":"WebSite","@id":"https:\/\/hskzrinjski.ba\/#website","url":"https:\/\/hskzrinjski.ba\/","name":"H\u0160K Zrinjski Mostar","description":"\u017divot i vi\u0161e.","publisher":{"@id":"https:\/\/hskzrinjski.ba\/#organization"},"alternateName":"Zrinjski Mostar","potentialAction":[{"@type":"SearchAction","target":{"@type":"EntryPoint","urlTemplate":"https:\/\/hskzrinjski.ba\/?s={search_term_string}"},"query-input":"required name=search_term_string"}],"inLanguage":"en-US"},{"@type":"Organization","@id":"https:\/\/hskzrinjski.ba\/#organization","name":"Hrvatski \u0161portski klub Zrinjski Mostar","alternateName":"H\u0160K Zrinjski Mostar","url":"https:\/\/hskzrinjski.ba\/","logo":{"@type":"ImageObject","inLanguage":"en-US","@id":"https:\/\/hskzrinjski.ba\/#\/schema\/logo\/image\/","url":"https:\/\/hskzrinjski.ba\/wp-content\/uploads\/2024\/05\/HSK-Zrinjski-Grb.png","contentUrl":"https:\/\/hskzrinjski.ba\/wp-content\/uploads\/2024\/05\/HSK-Zrinjski-Grb.png","width":656,"height":656,"caption":"Hrvatski \u0161portski klub Zrinjski Mostar"},"image":{"@id":"https:\/\/hskzrinjski.ba\/#\/schema\/logo\/image\/"},"sameAs":["https:\/\/www.facebook.com\/hsk.zrinjski","https:\/\/x.com\/hskzrinjski","https:\/\/www.instagram.com\/hsk.zrinjski"]},{"@type":"Person","@id":"https:\/\/hskzrinjski.ba\/#\/schema\/person\/2ecb5d5097ede382b507ac0951c8e3c3","name":"digital","image":{"@type":"ImageObject","inLanguage":"en-US","@id":"https:\/\/hskzrinjski.ba\/#\/schema\/person\/image\/","url":"https:\/\/secure.gravatar.com\/avatar\/c68a05d9eee4965a7a8d532c1bceed00?s=96&d=mm&r=g","contentUrl":"https:\/\/secure.gravatar.com\/avatar\/c68a05d9eee4965a7a8d532c1bceed00?s=96&d=mm&r=g","caption":"digital"},"url":"https:\/\/hskzrinjski.ba\/en\/author\/digital\/"}]}},"_links":{"self":[{"href":"https:\/\/hskzrinjski.ba\/en\/wp-json\/wp\/v2\/posts\/2588"}],"collection":[{"href":"https:\/\/hskzrinjski.ba\/en\/wp-json\/wp\/v2\/posts"}],"about":[{"href":"https:\/\/hskzrinjski.ba\/en\/wp-json\/wp\/v2\/types\/post"}],"author":[{"embeddable":true,"href":"https:\/\/hskzrinjski.ba\/en\/wp-json\/wp\/v2\/users\/2"}],"replies":[{"embeddable":true,"href":"https:\/\/hskzrinjski.ba\/en\/wp-json\/wp\/v2\/comments?post=2588"}],"version-history":[{"count":1,"href":"https:\/\/hskzrinjski.ba\/en\/wp-json\/wp\/v2\/posts\/2588\/revisions"}],"predecessor-version":[{"id":2589,"href":"https:\/\/hskzrinjski.ba\/en\/wp-json\/wp\/v2\/posts\/2588\/revisions\/2589"}],"wp:featuredmedia":[{"embeddable":true,"href":"https:\/\/hskzrinjski.ba\/en\/wp-json\/wp\/v2\/media\/2539"}],"wp:attachment":[{"href":"https:\/\/hskzrinjski.ba\/en\/wp-json\/wp\/v2\/media?parent=2588"}],"wp:term":[{"taxonomy":"category","embeddable":true,"href":"https:\/\/hskzrinjski.ba\/en\/wp-json\/wp\/v2\/categories?post=2588"},{"taxonomy":"post_tag","embeddable":true,"href":"https:\/\/hskzrinjski.ba\/en\/wp-json\/wp\/v2\/tags?post=2588"}],"curies":[{"name":"wp","href":"https:\/\/api.w.org\/{rel}","templated":true}]}}