{"id":2365,"date":"2024-06-28T12:45:49","date_gmt":"2024-06-28T10:45:49","guid":{"rendered":"https:\/\/hskzrinjski.ba\/fran-topic-iz-dinama-u-zrinjski-na-jednogodisnju-posudbu\/"},"modified":"2024-07-02T09:54:08","modified_gmt":"2024-07-02T07:54:08","slug":"fran-topic-iz-dinama-u-zrinjski-na-jednogodisnju-posudbu","status":"publish","type":"post","link":"https:\/\/hskzrinjski.ba\/en\/fran-topic-iz-dinama-u-zrinjski-na-jednogodisnju-posudbu\/","title":{"rendered":"Fran Topi\u0107 from Dinamo joins Zrinjski on loan until the end of the season"},"content":{"rendered":"<p>H\u0160K Zrinjski Mostar and GNK Dinamo Zagreb have agreed on the loan of 20-year-old Fran Topi\u0107 until the end of the upcoming season.<\/p>\n<p>The talented 20-year-old winger signed a professional contract with the Zagreb club a year ago and spent the previous season, his official first in senior football, on loan at NK Rude\u0161, where he scored two goals in nineteen matches.<\/p>\n<p>&#8220;I came to Zrinjski with high expectations. This is a great club, and I am happy to be a part of it. We have a season ahead of us with high expectations, and I hope we achieve our goals to the delight of our fans,&#8221; said Topi\u0107, who will wear the number 30 jersey at Zrinjski.<\/p>\n<p>Topi\u0107 is a native of Zagreb with roots in Bosnia and Herzegovina\u2014his father is from Tomislavgrad, and his mother is from Posu\u0161je. He joined Dinamo at the beginning of 2022 from NK Sesvete.<\/p>\n<p>In the 2022\/2023 season, he was the top scorer in the Croatian junior championship, and at the end of the same season, he made nine official appearances for the first team.<\/p>\n<p>We wish Fran many great matches in the Zrinjski jersey!<\/p>\n","protected":false},"excerpt":{"rendered":"<p>H\u0160K Zrinjski Mostar and GNK Dinamo Zagreb have agreed on the loan of 20-year-old Fran Topi\u0107 until the end of the upcoming season. The talented 20-year-old winger signed a professional contract with the Zagreb club a year ago and spent the previous season, his official first in senior football, on loan at NK Rude\u0161, where [&hellip;]<\/p>\n","protected":false},"author":2,"featured_media":2320,"comment_status":"open","ping_status":"open","sticky":false,"template":"","format":"standard","meta":{"_acf_changed":false,"footnotes":""},"categories":[77,116],"tags":[274,41],"acf":[],"yoast_head":"<!-- This site is optimized with the Yoast SEO plugin v22.7 - https:\/\/yoast.com\/wordpress\/plugins\/seo\/ -->\n<title>Fran Topi\u0107 from Dinamo joins Zrinjski on loan until the end of the season<\/title>\n<meta name=\"robots\" content=\"index, follow, max-snippet:-1, max-image-preview:large, max-video-preview:-1\" \/>\n<link rel=\"canonical\" href=\"https:\/\/hskzrinjski.ba\/en\/fran-topic-iz-dinama-u-zrinjski-na-jednogodisnju-posudbu\/\" \/>\n<meta property=\"og:locale\" content=\"en_US\" \/>\n<meta property=\"og:type\" content=\"article\" \/>\n<meta property=\"og:title\" content=\"Fran Topi\u0107 from Dinamo joins Zrinjski on loan until the end of the season\" \/>\n<meta property=\"og:description\" content=\"H\u0160K Zrinjski Mostar and GNK Dinamo Zagreb have agreed on the loan of 20-year-old Fran Topi\u0107 until the end of the upcoming season. The talented 20-year-old winger signed a professional contract with the Zagreb club a year ago and spent the previous season, his official first in senior football, on loan at NK Rude\u0161, where [&hellip;]\" \/>\n<meta property=\"og:url\" content=\"https:\/\/hskzrinjski.ba\/en\/fran-topic-iz-dinama-u-zrinjski-na-jednogodisnju-posudbu\/\" \/>\n<meta property=\"og:site_name\" content=\"H\u0160K Zrinjski Mostar\" \/>\n<meta property=\"article:publisher\" content=\"https:\/\/www.facebook.com\/hsk.zrinjski\" \/>\n<meta property=\"article:published_time\" content=\"2024-06-28T10:45:49+00:00\" \/>\n<meta property=\"article:modified_time\" content=\"2024-07-02T07:54:08+00:00\" \/>\n<meta property=\"og:image\" content=\"https:\/\/hskzrinjski.ba\/wp-content\/uploads\/2024\/06\/Fran-Topic-HSK-Zrinjski-2.jpg\" \/>\n\t<meta property=\"og:image:width\" content=\"1224\" \/>\n\t<meta property=\"og:image:height\" content=\"700\" \/>\n\t<meta property=\"og:image:type\" content=\"image\/jpeg\" \/>\n<meta name=\"author\" content=\"digital\" \/>\n<meta name=\"twitter:card\" content=\"summary_large_image\" \/>\n<meta name=\"twitter:creator\" content=\"@hskzrinjski\" \/>\n<meta name=\"twitter:site\" content=\"@hskzrinjski\" \/>\n<meta name=\"twitter:label1\" content=\"Written by\" \/>\n\t<meta name=\"twitter:data1\" content=\"digital\" \/>\n\t<meta name=\"twitter:label2\" content=\"Est. reading time\" \/>\n\t<meta name=\"twitter:data2\" content=\"2 minutes\" \/>\n<script type=\"application\/ld+json\" class=\"yoast-schema-graph\">{\"@context\":\"https:\/\/schema.org\",\"@graph\":[{\"@type\":\"Article\",\"@id\":\"https:\/\/hskzrinjski.ba\/en\/fran-topic-iz-dinama-u-zrinjski-na-jednogodisnju-posudbu\/#article\",\"isPartOf\":{\"@id\":\"https:\/\/hskzrinjski.ba\/en\/fran-topic-iz-dinama-u-zrinjski-na-jednogodisnju-posudbu\/\"},\"author\":{\"name\":\"digital\",\"@id\":\"https:\/\/hskzrinjski.ba\/#\/schema\/person\/2ecb5d5097ede382b507ac0951c8e3c3\"},\"headline\":\"Fran Topi\u0107 from Dinamo joins Zrinjski on loan until the end of the season\",\"datePublished\":\"2024-06-28T10:45:49+00:00\",\"dateModified\":\"2024-07-02T07:54:08+00:00\",\"mainEntityOfPage\":{\"@id\":\"https:\/\/hskzrinjski.ba\/en\/fran-topic-iz-dinama-u-zrinjski-na-jednogodisnju-posudbu\/\"},\"wordCount\":206,\"commentCount\":0,\"publisher\":{\"@id\":\"https:\/\/hskzrinjski.ba\/#organization\"},\"image\":{\"@id\":\"https:\/\/hskzrinjski.ba\/en\/fran-topic-iz-dinama-u-zrinjski-na-jednogodisnju-posudbu\/#primaryimage\"},\"thumbnailUrl\":\"https:\/\/hskzrinjski.ba\/wp-content\/uploads\/2024\/06\/Fran-Topic-HSK-Zrinjski-2.jpg\",\"keywords\":[\"Fran Topi\u0107\",\"h\u0161k zrinjski\"],\"articleSection\":[\"Featured\",\"First Team\"],\"inLanguage\":\"en-US\",\"potentialAction\":[{\"@type\":\"CommentAction\",\"name\":\"Comment\",\"target\":[\"https:\/\/hskzrinjski.ba\/en\/fran-topic-iz-dinama-u-zrinjski-na-jednogodisnju-posudbu\/#respond\"]}]},{\"@type\":\"WebPage\",\"@id\":\"https:\/\/hskzrinjski.ba\/en\/fran-topic-iz-dinama-u-zrinjski-na-jednogodisnju-posudbu\/\",\"url\":\"https:\/\/hskzrinjski.ba\/en\/fran-topic-iz-dinama-u-zrinjski-na-jednogodisnju-posudbu\/\",\"name\":\"Fran Topi\u0107 from Dinamo joins Zrinjski on loan until the end of the season\",\"isPartOf\":{\"@id\":\"https:\/\/hskzrinjski.ba\/#website\"},\"primaryImageOfPage\":{\"@id\":\"https:\/\/hskzrinjski.ba\/en\/fran-topic-iz-dinama-u-zrinjski-na-jednogodisnju-posudbu\/#primaryimage\"},\"image\":{\"@id\":\"https:\/\/hskzrinjski.ba\/en\/fran-topic-iz-dinama-u-zrinjski-na-jednogodisnju-posudbu\/#primaryimage\"},\"thumbnailUrl\":\"https:\/\/hskzrinjski.ba\/wp-content\/uploads\/2024\/06\/Fran-Topic-HSK-Zrinjski-2.jpg\",\"datePublished\":\"2024-06-28T10:45:49+00:00\",\"dateModified\":\"2024-07-02T07:54:08+00:00\",\"breadcrumb\":{\"@id\":\"https:\/\/hskzrinjski.ba\/en\/fran-topic-iz-dinama-u-zrinjski-na-jednogodisnju-posudbu\/#breadcrumb\"},\"inLanguage\":\"en-US\",\"potentialAction\":[{\"@type\":\"ReadAction\",\"target\":[\"https:\/\/hskzrinjski.ba\/en\/fran-topic-iz-dinama-u-zrinjski-na-jednogodisnju-posudbu\/\"]}]},{\"@type\":\"ImageObject\",\"inLanguage\":\"en-US\",\"@id\":\"https:\/\/hskzrinjski.ba\/en\/fran-topic-iz-dinama-u-zrinjski-na-jednogodisnju-posudbu\/#primaryimage\",\"url\":\"https:\/\/hskzrinjski.ba\/wp-content\/uploads\/2024\/06\/Fran-Topic-HSK-Zrinjski-2.jpg\",\"contentUrl\":\"https:\/\/hskzrinjski.ba\/wp-content\/uploads\/2024\/06\/Fran-Topic-HSK-Zrinjski-2.jpg\",\"width\":1224,\"height\":700},{\"@type\":\"BreadcrumbList\",\"@id\":\"https:\/\/hskzrinjski.ba\/en\/fran-topic-iz-dinama-u-zrinjski-na-jednogodisnju-posudbu\/#breadcrumb\",\"itemListElement\":[{\"@type\":\"ListItem\",\"position\":1,\"name\":\"Home\",\"item\":\"https:\/\/hskzrinjski.ba\/en\/\"},{\"@type\":\"ListItem\",\"position\":2,\"name\":\"Fran Topi\u0107 from Dinamo joins Zrinjski on loan until the end of the season\"}]},{\"@type\":\"WebSite\",\"@id\":\"https:\/\/hskzrinjski.ba\/#website\",\"url\":\"https:\/\/hskzrinjski.ba\/\",\"name\":\"H\u0160K Zrinjski Mostar\",\"description\":\"\u017divot i vi\u0161e.\",\"publisher\":{\"@id\":\"https:\/\/hskzrinjski.ba\/#organization\"},\"alternateName\":\"Zrinjski Mostar\",\"potentialAction\":[{\"@type\":\"SearchAction\",\"target\":{\"@type\":\"EntryPoint\",\"urlTemplate\":\"https:\/\/hskzrinjski.ba\/?s={search_term_string}\"},\"query-input\":\"required name=search_term_string\"}],\"inLanguage\":\"en-US\"},{\"@type\":\"Organization\",\"@id\":\"https:\/\/hskzrinjski.ba\/#organization\",\"name\":\"Hrvatski \u0161portski klub Zrinjski Mostar\",\"alternateName\":\"H\u0160K Zrinjski Mostar\",\"url\":\"https:\/\/hskzrinjski.ba\/\",\"logo\":{\"@type\":\"ImageObject\",\"inLanguage\":\"en-US\",\"@id\":\"https:\/\/hskzrinjski.ba\/#\/schema\/logo\/image\/\",\"url\":\"https:\/\/hskzrinjski.ba\/wp-content\/uploads\/2024\/05\/HSK-Zrinjski-Grb.png\",\"contentUrl\":\"https:\/\/hskzrinjski.ba\/wp-content\/uploads\/2024\/05\/HSK-Zrinjski-Grb.png\",\"width\":656,\"height\":656,\"caption\":\"Hrvatski \u0161portski klub Zrinjski Mostar\"},\"image\":{\"@id\":\"https:\/\/hskzrinjski.ba\/#\/schema\/logo\/image\/\"},\"sameAs\":[\"https:\/\/www.facebook.com\/hsk.zrinjski\",\"https:\/\/x.com\/hskzrinjski\",\"https:\/\/www.instagram.com\/hsk.zrinjski\"]},{\"@type\":\"Person\",\"@id\":\"https:\/\/hskzrinjski.ba\/#\/schema\/person\/2ecb5d5097ede382b507ac0951c8e3c3\",\"name\":\"digital\",\"image\":{\"@type\":\"ImageObject\",\"inLanguage\":\"en-US\",\"@id\":\"https:\/\/hskzrinjski.ba\/#\/schema\/person\/image\/\",\"url\":\"https:\/\/secure.gravatar.com\/avatar\/c68a05d9eee4965a7a8d532c1bceed00?s=96&d=mm&r=g\",\"contentUrl\":\"https:\/\/secure.gravatar.com\/avatar\/c68a05d9eee4965a7a8d532c1bceed00?s=96&d=mm&r=g\",\"caption\":\"digital\"},\"url\":\"https:\/\/hskzrinjski.ba\/en\/author\/digital\/\"}]}<\/script>\n<!-- \/ Yoast SEO plugin. -->","yoast_head_json":{"title":"Fran Topi\u0107 from Dinamo joins Zrinjski on loan until the end of the season","robots":{"index":"index","follow":"follow","max-snippet":"max-snippet:-1","max-image-preview":"max-image-preview:large","max-video-preview":"max-video-preview:-1"},"canonical":"https:\/\/hskzrinjski.ba\/en\/fran-topic-iz-dinama-u-zrinjski-na-jednogodisnju-posudbu\/","og_locale":"en_US","og_type":"article","og_title":"Fran Topi\u0107 from Dinamo joins Zrinjski on loan until the end of the season","og_description":"H\u0160K Zrinjski Mostar and GNK Dinamo Zagreb have agreed on the loan of 20-year-old Fran Topi\u0107 until the end of the upcoming season. The talented 20-year-old winger signed a professional contract with the Zagreb club a year ago and spent the previous season, his official first in senior football, on loan at NK Rude\u0161, where [&hellip;]","og_url":"https:\/\/hskzrinjski.ba\/en\/fran-topic-iz-dinama-u-zrinjski-na-jednogodisnju-posudbu\/","og_site_name":"H\u0160K Zrinjski Mostar","article_publisher":"https:\/\/www.facebook.com\/hsk.zrinjski","article_published_time":"2024-06-28T10:45:49+00:00","article_modified_time":"2024-07-02T07:54:08+00:00","og_image":[{"width":1224,"height":700,"url":"https:\/\/hskzrinjski.ba\/wp-content\/uploads\/2024\/06\/Fran-Topic-HSK-Zrinjski-2.jpg","type":"image\/jpeg"}],"author":"digital","twitter_card":"summary_large_image","twitter_creator":"@hskzrinjski","twitter_site":"@hskzrinjski","twitter_misc":{"Written by":"digital","Est. reading time":"2 minutes"},"schema":{"@context":"https:\/\/schema.org","@graph":[{"@type":"Article","@id":"https:\/\/hskzrinjski.ba\/en\/fran-topic-iz-dinama-u-zrinjski-na-jednogodisnju-posudbu\/#article","isPartOf":{"@id":"https:\/\/hskzrinjski.ba\/en\/fran-topic-iz-dinama-u-zrinjski-na-jednogodisnju-posudbu\/"},"author":{"name":"digital","@id":"https:\/\/hskzrinjski.ba\/#\/schema\/person\/2ecb5d5097ede382b507ac0951c8e3c3"},"headline":"Fran Topi\u0107 from Dinamo joins Zrinjski on loan until the end of the season","datePublished":"2024-06-28T10:45:49+00:00","dateModified":"2024-07-02T07:54:08+00:00","mainEntityOfPage":{"@id":"https:\/\/hskzrinjski.ba\/en\/fran-topic-iz-dinama-u-zrinjski-na-jednogodisnju-posudbu\/"},"wordCount":206,"commentCount":0,"publisher":{"@id":"https:\/\/hskzrinjski.ba\/#organization"},"image":{"@id":"https:\/\/hskzrinjski.ba\/en\/fran-topic-iz-dinama-u-zrinjski-na-jednogodisnju-posudbu\/#primaryimage"},"thumbnailUrl":"https:\/\/hskzrinjski.ba\/wp-content\/uploads\/2024\/06\/Fran-Topic-HSK-Zrinjski-2.jpg","keywords":["Fran Topi\u0107","h\u0161k zrinjski"],"articleSection":["Featured","First Team"],"inLanguage":"en-US","potentialAction":[{"@type":"CommentAction","name":"Comment","target":["https:\/\/hskzrinjski.ba\/en\/fran-topic-iz-dinama-u-zrinjski-na-jednogodisnju-posudbu\/#respond"]}]},{"@type":"WebPage","@id":"https:\/\/hskzrinjski.ba\/en\/fran-topic-iz-dinama-u-zrinjski-na-jednogodisnju-posudbu\/","url":"https:\/\/hskzrinjski.ba\/en\/fran-topic-iz-dinama-u-zrinjski-na-jednogodisnju-posudbu\/","name":"Fran Topi\u0107 from Dinamo joins Zrinjski on loan until the end of the season","isPartOf":{"@id":"https:\/\/hskzrinjski.ba\/#website"},"primaryImageOfPage":{"@id":"https:\/\/hskzrinjski.ba\/en\/fran-topic-iz-dinama-u-zrinjski-na-jednogodisnju-posudbu\/#primaryimage"},"image":{"@id":"https:\/\/hskzrinjski.ba\/en\/fran-topic-iz-dinama-u-zrinjski-na-jednogodisnju-posudbu\/#primaryimage"},"thumbnailUrl":"https:\/\/hskzrinjski.ba\/wp-content\/uploads\/2024\/06\/Fran-Topic-HSK-Zrinjski-2.jpg","datePublished":"2024-06-28T10:45:49+00:00","dateModified":"2024-07-02T07:54:08+00:00","breadcrumb":{"@id":"https:\/\/hskzrinjski.ba\/en\/fran-topic-iz-dinama-u-zrinjski-na-jednogodisnju-posudbu\/#breadcrumb"},"inLanguage":"en-US","potentialAction":[{"@type":"ReadAction","target":["https:\/\/hskzrinjski.ba\/en\/fran-topic-iz-dinama-u-zrinjski-na-jednogodisnju-posudbu\/"]}]},{"@type":"ImageObject","inLanguage":"en-US","@id":"https:\/\/hskzrinjski.ba\/en\/fran-topic-iz-dinama-u-zrinjski-na-jednogodisnju-posudbu\/#primaryimage","url":"https:\/\/hskzrinjski.ba\/wp-content\/uploads\/2024\/06\/Fran-Topic-HSK-Zrinjski-2.jpg","contentUrl":"https:\/\/hskzrinjski.ba\/wp-content\/uploads\/2024\/06\/Fran-Topic-HSK-Zrinjski-2.jpg","width":1224,"height":700},{"@type":"BreadcrumbList","@id":"https:\/\/hskzrinjski.ba\/en\/fran-topic-iz-dinama-u-zrinjski-na-jednogodisnju-posudbu\/#breadcrumb","itemListElement":[{"@type":"ListItem","position":1,"name":"Home","item":"https:\/\/hskzrinjski.ba\/en\/"},{"@type":"ListItem","position":2,"name":"Fran Topi\u0107 from Dinamo joins Zrinjski on loan until the end of the season"}]},{"@type":"WebSite","@id":"https:\/\/hskzrinjski.ba\/#website","url":"https:\/\/hskzrinjski.ba\/","name":"H\u0160K Zrinjski Mostar","description":"\u017divot i vi\u0161e.","publisher":{"@id":"https:\/\/hskzrinjski.ba\/#organization"},"alternateName":"Zrinjski Mostar","potentialAction":[{"@type":"SearchAction","target":{"@type":"EntryPoint","urlTemplate":"https:\/\/hskzrinjski.ba\/?s={search_term_string}"},"query-input":"required name=search_term_string"}],"inLanguage":"en-US"},{"@type":"Organization","@id":"https:\/\/hskzrinjski.ba\/#organization","name":"Hrvatski \u0161portski klub Zrinjski Mostar","alternateName":"H\u0160K Zrinjski Mostar","url":"https:\/\/hskzrinjski.ba\/","logo":{"@type":"ImageObject","inLanguage":"en-US","@id":"https:\/\/hskzrinjski.ba\/#\/schema\/logo\/image\/","url":"https:\/\/hskzrinjski.ba\/wp-content\/uploads\/2024\/05\/HSK-Zrinjski-Grb.png","contentUrl":"https:\/\/hskzrinjski.ba\/wp-content\/uploads\/2024\/05\/HSK-Zrinjski-Grb.png","width":656,"height":656,"caption":"Hrvatski \u0161portski klub Zrinjski Mostar"},"image":{"@id":"https:\/\/hskzrinjski.ba\/#\/schema\/logo\/image\/"},"sameAs":["https:\/\/www.facebook.com\/hsk.zrinjski","https:\/\/x.com\/hskzrinjski","https:\/\/www.instagram.com\/hsk.zrinjski"]},{"@type":"Person","@id":"https:\/\/hskzrinjski.ba\/#\/schema\/person\/2ecb5d5097ede382b507ac0951c8e3c3","name":"digital","image":{"@type":"ImageObject","inLanguage":"en-US","@id":"https:\/\/hskzrinjski.ba\/#\/schema\/person\/image\/","url":"https:\/\/secure.gravatar.com\/avatar\/c68a05d9eee4965a7a8d532c1bceed00?s=96&d=mm&r=g","contentUrl":"https:\/\/secure.gravatar.com\/avatar\/c68a05d9eee4965a7a8d532c1bceed00?s=96&d=mm&r=g","caption":"digital"},"url":"https:\/\/hskzrinjski.ba\/en\/author\/digital\/"}]}},"_links":{"self":[{"href":"https:\/\/hskzrinjski.ba\/en\/wp-json\/wp\/v2\/posts\/2365"}],"collection":[{"href":"https:\/\/hskzrinjski.ba\/en\/wp-json\/wp\/v2\/posts"}],"about":[{"href":"https:\/\/hskzrinjski.ba\/en\/wp-json\/wp\/v2\/types\/post"}],"author":[{"embeddable":true,"href":"https:\/\/hskzrinjski.ba\/en\/wp-json\/wp\/v2\/users\/2"}],"replies":[{"embeddable":true,"href":"https:\/\/hskzrinjski.ba\/en\/wp-json\/wp\/v2\/comments?post=2365"}],"version-history":[{"count":1,"href":"https:\/\/hskzrinjski.ba\/en\/wp-json\/wp\/v2\/posts\/2365\/revisions"}],"predecessor-version":[{"id":2366,"href":"https:\/\/hskzrinjski.ba\/en\/wp-json\/wp\/v2\/posts\/2365\/revisions\/2366"}],"wp:featuredmedia":[{"embeddable":true,"href":"https:\/\/hskzrinjski.ba\/en\/wp-json\/wp\/v2\/media\/2320"}],"wp:attachment":[{"href":"https:\/\/hskzrinjski.ba\/en\/wp-json\/wp\/v2\/media?parent=2365"}],"wp:term":[{"taxonomy":"category","embeddable":true,"href":"https:\/\/hskzrinjski.ba\/en\/wp-json\/wp\/v2\/categories?post=2365"},{"taxonomy":"post_tag","embeddable":true,"href":"https:\/\/hskzrinjski.ba\/en\/wp-json\/wp\/v2\/tags?post=2365"}],"curies":[{"name":"wp","href":"https:\/\/api.w.org\/{rel}","templated":true}]}}