{"id":2160,"date":"2024-06-20T20:24:07","date_gmt":"2024-06-20T18:24:07","guid":{"rendered":"https:\/\/hskzrinjski.ba\/?p=2160"},"modified":"2024-06-23T09:43:46","modified_gmt":"2024-06-23T07:43:46","slug":"mario-ivankovic-s-plemicima-poceo-pripreme-za-novu-sezonu","status":"publish","type":"post","link":"https:\/\/hskzrinjski.ba\/en\/mario-ivankovic-s-plemicima-poceo-pripreme-za-novu-sezonu\/","title":{"rendered":"Mario Ivankovi\u0107 has begun preparations with the Nobles for the new season"},"content":{"rendered":"<p>The players of Zrinjski began their preparations for the new season today, which for the Plemi\u0107i starts on July 25 with the first match of the second qualifying round for the UEFA Conference League.<\/p>\n<p>The coaching staff, led by new head coach Mario Ivankovi\u0107, gathered the team at 18:30, with 27 players in attendance. Immediately after, the first training session was held on the main field of the H\u0160K Zrinjski stadium, with 26 players participating in the initial preparations.<\/p>\n<p>&#8220;First of all, thank you to the Management for their trust. It is a great honor and responsibility, and it is up to me and my assistants to justify that trust through quality work and the support of the entire club. The season is new, but the ambitions remain unchanged, namely, the fight for the double crown on the domestic scene and achieving the maximum possible in Europe, no matter how much the path to the group stage now seems tougher than in the previous season,&#8221; said Ivankovi\u0107.<\/p>\n<p>Compared to the squad that concluded the previous season, four new players have joined Zrinjski&#8217;s preparations &#8211; returnees from loan Luka Pr\u0161lja and Antonio Prskalo, former junior Amir Durakovi\u0107, and another returnee, 19-year-old winger David \u010camber, who returns to Zrinjski after three years and a transfer to Venezia FC, having played for HNK Rijeka in the past year.<\/p>\n<p>&#8220;We haven&#8217;t made many changes because we have a quality squad that is already well-covered in all positions. The squad for the next season is not yet finalized, but by the time we leave for preparations in Sveti Martin na Muri, a lot will become clearer,&#8221; added Ivankovi\u0107.<\/p>\n<p>Before the gathering, now-former coach \u017deljko Petrovi\u0107 bid farewell to the players and staff, with whom a mutual termination of the contract was signed today. The players were also greeted at the start of the new season&#8217;s preparations by Management members led by President Denis Lasi\u0107.<\/p>\n<p>Of the players who attended the gathering, only captain Nemanja Bilbija did not train as he is recovering from knee surgery. For the same reason, Petar Mi\u0161i\u0107, who spent the spring part of the season on loan at NK \u0160iroki Brijeg, also missed today&#8217;s gathering.<\/p>\n<p>To recap, the Plemi\u0107i will conduct the initial part of their preparations in Mostar before traveling to Sveti Martin na Muri on June 30, where they will stay until July 12.<\/p>\n","protected":false},"excerpt":{"rendered":"<p>The players of Zrinjski began their preparations for the new season today, which for the Plemi\u0107i starts on July 25 with the first match of the second qualifying round for the UEFA Conference League. The coaching staff, led by new head coach Mario Ivankovi\u0107, gathered the team at 18:30, with 27 players in attendance. Immediately [&hellip;]<\/p>\n","protected":false},"author":2,"featured_media":2166,"comment_status":"open","ping_status":"open","sticky":false,"template":"tpl-news-report.php","format":"standard","meta":{"_acf_changed":false,"footnotes":""},"categories":[77,116],"tags":[196,106,88,41],"acf":[],"yoast_head":"<!-- This site is optimized with the Yoast SEO plugin v22.7 - https:\/\/yoast.com\/wordpress\/plugins\/seo\/ -->\n<title>Mario Ivankovi\u0107 has begun preparations with the Nobles for the new season<\/title>\n<meta name=\"robots\" content=\"index, follow, max-snippet:-1, max-image-preview:large, max-video-preview:-1\" \/>\n<link rel=\"canonical\" href=\"https:\/\/hskzrinjski.ba\/en\/mario-ivankovic-s-plemicima-poceo-pripreme-za-novu-sezonu\/\" \/>\n<meta property=\"og:locale\" content=\"en_US\" \/>\n<meta property=\"og:type\" content=\"article\" \/>\n<meta property=\"og:title\" content=\"Mario Ivankovi\u0107 has begun preparations with the Nobles for the new season\" \/>\n<meta property=\"og:description\" content=\"The players of Zrinjski began their preparations for the new season today, which for the Plemi\u0107i starts on July 25 with the first match of the second qualifying round for the UEFA Conference League. The coaching staff, led by new head coach Mario Ivankovi\u0107, gathered the team at 18:30, with 27 players in attendance. Immediately [&hellip;]\" \/>\n<meta property=\"og:url\" content=\"https:\/\/hskzrinjski.ba\/en\/mario-ivankovic-s-plemicima-poceo-pripreme-za-novu-sezonu\/\" \/>\n<meta property=\"og:site_name\" content=\"H\u0160K Zrinjski Mostar\" \/>\n<meta property=\"article:publisher\" content=\"https:\/\/www.facebook.com\/hsk.zrinjski\" \/>\n<meta property=\"article:published_time\" content=\"2024-06-20T18:24:07+00:00\" \/>\n<meta property=\"article:modified_time\" content=\"2024-06-23T07:43:46+00:00\" \/>\n<meta property=\"og:image\" content=\"https:\/\/hskzrinjski.ba\/wp-content\/uploads\/2024\/06\/Pripreme2024.jpg\" \/>\n\t<meta property=\"og:image:width\" content=\"1224\" \/>\n\t<meta property=\"og:image:height\" content=\"700\" \/>\n\t<meta property=\"og:image:type\" content=\"image\/jpeg\" \/>\n<meta name=\"author\" content=\"digital\" \/>\n<meta name=\"twitter:card\" content=\"summary_large_image\" \/>\n<meta name=\"twitter:creator\" content=\"@hskzrinjski\" \/>\n<meta name=\"twitter:site\" content=\"@hskzrinjski\" \/>\n<meta name=\"twitter:label1\" content=\"Written by\" \/>\n\t<meta name=\"twitter:data1\" content=\"digital\" \/>\n\t<meta name=\"twitter:label2\" content=\"Est. reading time\" \/>\n\t<meta name=\"twitter:data2\" content=\"2 minutes\" \/>\n<script type=\"application\/ld+json\" class=\"yoast-schema-graph\">{\"@context\":\"https:\/\/schema.org\",\"@graph\":[{\"@type\":\"Article\",\"@id\":\"https:\/\/hskzrinjski.ba\/en\/mario-ivankovic-s-plemicima-poceo-pripreme-za-novu-sezonu\/#article\",\"isPartOf\":{\"@id\":\"https:\/\/hskzrinjski.ba\/en\/mario-ivankovic-s-plemicima-poceo-pripreme-za-novu-sezonu\/\"},\"author\":{\"name\":\"digital\",\"@id\":\"https:\/\/hskzrinjski.ba\/#\/schema\/person\/2ecb5d5097ede382b507ac0951c8e3c3\"},\"headline\":\"Mario Ivankovi\u0107 has begun preparations with the Nobles for the new season\",\"datePublished\":\"2024-06-20T18:24:07+00:00\",\"dateModified\":\"2024-06-23T07:43:46+00:00\",\"mainEntityOfPage\":{\"@id\":\"https:\/\/hskzrinjski.ba\/en\/mario-ivankovic-s-plemicima-poceo-pripreme-za-novu-sezonu\/\"},\"wordCount\":410,\"commentCount\":0,\"publisher\":{\"@id\":\"https:\/\/hskzrinjski.ba\/#organization\"},\"image\":{\"@id\":\"https:\/\/hskzrinjski.ba\/en\/mario-ivankovic-s-plemicima-poceo-pripreme-za-novu-sezonu\/#primaryimage\"},\"thumbnailUrl\":\"https:\/\/hskzrinjski.ba\/wp-content\/uploads\/2024\/06\/Pripreme2024.jpg\",\"keywords\":[\"finale kupa bih\",\"fk borac\",\"fk igman\",\"h\u0161k zrinjski\"],\"articleSection\":[\"Featured\",\"First Team\"],\"inLanguage\":\"en-US\",\"potentialAction\":[{\"@type\":\"CommentAction\",\"name\":\"Comment\",\"target\":[\"https:\/\/hskzrinjski.ba\/en\/mario-ivankovic-s-plemicima-poceo-pripreme-za-novu-sezonu\/#respond\"]}]},{\"@type\":\"WebPage\",\"@id\":\"https:\/\/hskzrinjski.ba\/en\/mario-ivankovic-s-plemicima-poceo-pripreme-za-novu-sezonu\/\",\"url\":\"https:\/\/hskzrinjski.ba\/en\/mario-ivankovic-s-plemicima-poceo-pripreme-za-novu-sezonu\/\",\"name\":\"Mario Ivankovi\u0107 has begun preparations with the Nobles for the new season\",\"isPartOf\":{\"@id\":\"https:\/\/hskzrinjski.ba\/#website\"},\"primaryImageOfPage\":{\"@id\":\"https:\/\/hskzrinjski.ba\/en\/mario-ivankovic-s-plemicima-poceo-pripreme-za-novu-sezonu\/#primaryimage\"},\"image\":{\"@id\":\"https:\/\/hskzrinjski.ba\/en\/mario-ivankovic-s-plemicima-poceo-pripreme-za-novu-sezonu\/#primaryimage\"},\"thumbnailUrl\":\"https:\/\/hskzrinjski.ba\/wp-content\/uploads\/2024\/06\/Pripreme2024.jpg\",\"datePublished\":\"2024-06-20T18:24:07+00:00\",\"dateModified\":\"2024-06-23T07:43:46+00:00\",\"breadcrumb\":{\"@id\":\"https:\/\/hskzrinjski.ba\/en\/mario-ivankovic-s-plemicima-poceo-pripreme-za-novu-sezonu\/#breadcrumb\"},\"inLanguage\":\"en-US\",\"potentialAction\":[{\"@type\":\"ReadAction\",\"target\":[\"https:\/\/hskzrinjski.ba\/en\/mario-ivankovic-s-plemicima-poceo-pripreme-za-novu-sezonu\/\"]}]},{\"@type\":\"ImageObject\",\"inLanguage\":\"en-US\",\"@id\":\"https:\/\/hskzrinjski.ba\/en\/mario-ivankovic-s-plemicima-poceo-pripreme-za-novu-sezonu\/#primaryimage\",\"url\":\"https:\/\/hskzrinjski.ba\/wp-content\/uploads\/2024\/06\/Pripreme2024.jpg\",\"contentUrl\":\"https:\/\/hskzrinjski.ba\/wp-content\/uploads\/2024\/06\/Pripreme2024.jpg\",\"width\":1224,\"height\":700},{\"@type\":\"BreadcrumbList\",\"@id\":\"https:\/\/hskzrinjski.ba\/en\/mario-ivankovic-s-plemicima-poceo-pripreme-za-novu-sezonu\/#breadcrumb\",\"itemListElement\":[{\"@type\":\"ListItem\",\"position\":1,\"name\":\"Home\",\"item\":\"https:\/\/hskzrinjski.ba\/en\/\"},{\"@type\":\"ListItem\",\"position\":2,\"name\":\"Mario Ivankovi\u0107 has begun preparations with the Nobles for the new season\"}]},{\"@type\":\"WebSite\",\"@id\":\"https:\/\/hskzrinjski.ba\/#website\",\"url\":\"https:\/\/hskzrinjski.ba\/\",\"name\":\"H\u0160K Zrinjski Mostar\",\"description\":\"\u017divot i vi\u0161e.\",\"publisher\":{\"@id\":\"https:\/\/hskzrinjski.ba\/#organization\"},\"alternateName\":\"Zrinjski Mostar\",\"potentialAction\":[{\"@type\":\"SearchAction\",\"target\":{\"@type\":\"EntryPoint\",\"urlTemplate\":\"https:\/\/hskzrinjski.ba\/?s={search_term_string}\"},\"query-input\":\"required name=search_term_string\"}],\"inLanguage\":\"en-US\"},{\"@type\":\"Organization\",\"@id\":\"https:\/\/hskzrinjski.ba\/#organization\",\"name\":\"Hrvatski \u0161portski klub Zrinjski Mostar\",\"alternateName\":\"H\u0160K Zrinjski Mostar\",\"url\":\"https:\/\/hskzrinjski.ba\/\",\"logo\":{\"@type\":\"ImageObject\",\"inLanguage\":\"en-US\",\"@id\":\"https:\/\/hskzrinjski.ba\/#\/schema\/logo\/image\/\",\"url\":\"https:\/\/hskzrinjski.ba\/wp-content\/uploads\/2024\/05\/HSK-Zrinjski-Grb.png\",\"contentUrl\":\"https:\/\/hskzrinjski.ba\/wp-content\/uploads\/2024\/05\/HSK-Zrinjski-Grb.png\",\"width\":656,\"height\":656,\"caption\":\"Hrvatski \u0161portski klub Zrinjski Mostar\"},\"image\":{\"@id\":\"https:\/\/hskzrinjski.ba\/#\/schema\/logo\/image\/\"},\"sameAs\":[\"https:\/\/www.facebook.com\/hsk.zrinjski\",\"https:\/\/x.com\/hskzrinjski\",\"https:\/\/www.instagram.com\/hsk.zrinjski\"]},{\"@type\":\"Person\",\"@id\":\"https:\/\/hskzrinjski.ba\/#\/schema\/person\/2ecb5d5097ede382b507ac0951c8e3c3\",\"name\":\"digital\",\"image\":{\"@type\":\"ImageObject\",\"inLanguage\":\"en-US\",\"@id\":\"https:\/\/hskzrinjski.ba\/#\/schema\/person\/image\/\",\"url\":\"https:\/\/secure.gravatar.com\/avatar\/c68a05d9eee4965a7a8d532c1bceed00?s=96&d=mm&r=g\",\"contentUrl\":\"https:\/\/secure.gravatar.com\/avatar\/c68a05d9eee4965a7a8d532c1bceed00?s=96&d=mm&r=g\",\"caption\":\"digital\"},\"url\":\"https:\/\/hskzrinjski.ba\/en\/author\/digital\/\"}]}<\/script>\n<!-- \/ Yoast SEO plugin. -->","yoast_head_json":{"title":"Mario Ivankovi\u0107 has begun preparations with the Nobles for the new season","robots":{"index":"index","follow":"follow","max-snippet":"max-snippet:-1","max-image-preview":"max-image-preview:large","max-video-preview":"max-video-preview:-1"},"canonical":"https:\/\/hskzrinjski.ba\/en\/mario-ivankovic-s-plemicima-poceo-pripreme-za-novu-sezonu\/","og_locale":"en_US","og_type":"article","og_title":"Mario Ivankovi\u0107 has begun preparations with the Nobles for the new season","og_description":"The players of Zrinjski began their preparations for the new season today, which for the Plemi\u0107i starts on July 25 with the first match of the second qualifying round for the UEFA Conference League. The coaching staff, led by new head coach Mario Ivankovi\u0107, gathered the team at 18:30, with 27 players in attendance. Immediately [&hellip;]","og_url":"https:\/\/hskzrinjski.ba\/en\/mario-ivankovic-s-plemicima-poceo-pripreme-za-novu-sezonu\/","og_site_name":"H\u0160K Zrinjski Mostar","article_publisher":"https:\/\/www.facebook.com\/hsk.zrinjski","article_published_time":"2024-06-20T18:24:07+00:00","article_modified_time":"2024-06-23T07:43:46+00:00","og_image":[{"width":1224,"height":700,"url":"https:\/\/hskzrinjski.ba\/wp-content\/uploads\/2024\/06\/Pripreme2024.jpg","type":"image\/jpeg"}],"author":"digital","twitter_card":"summary_large_image","twitter_creator":"@hskzrinjski","twitter_site":"@hskzrinjski","twitter_misc":{"Written by":"digital","Est. reading time":"2 minutes"},"schema":{"@context":"https:\/\/schema.org","@graph":[{"@type":"Article","@id":"https:\/\/hskzrinjski.ba\/en\/mario-ivankovic-s-plemicima-poceo-pripreme-za-novu-sezonu\/#article","isPartOf":{"@id":"https:\/\/hskzrinjski.ba\/en\/mario-ivankovic-s-plemicima-poceo-pripreme-za-novu-sezonu\/"},"author":{"name":"digital","@id":"https:\/\/hskzrinjski.ba\/#\/schema\/person\/2ecb5d5097ede382b507ac0951c8e3c3"},"headline":"Mario Ivankovi\u0107 has begun preparations with the Nobles for the new season","datePublished":"2024-06-20T18:24:07+00:00","dateModified":"2024-06-23T07:43:46+00:00","mainEntityOfPage":{"@id":"https:\/\/hskzrinjski.ba\/en\/mario-ivankovic-s-plemicima-poceo-pripreme-za-novu-sezonu\/"},"wordCount":410,"commentCount":0,"publisher":{"@id":"https:\/\/hskzrinjski.ba\/#organization"},"image":{"@id":"https:\/\/hskzrinjski.ba\/en\/mario-ivankovic-s-plemicima-poceo-pripreme-za-novu-sezonu\/#primaryimage"},"thumbnailUrl":"https:\/\/hskzrinjski.ba\/wp-content\/uploads\/2024\/06\/Pripreme2024.jpg","keywords":["finale kupa bih","fk borac","fk igman","h\u0161k zrinjski"],"articleSection":["Featured","First Team"],"inLanguage":"en-US","potentialAction":[{"@type":"CommentAction","name":"Comment","target":["https:\/\/hskzrinjski.ba\/en\/mario-ivankovic-s-plemicima-poceo-pripreme-za-novu-sezonu\/#respond"]}]},{"@type":"WebPage","@id":"https:\/\/hskzrinjski.ba\/en\/mario-ivankovic-s-plemicima-poceo-pripreme-za-novu-sezonu\/","url":"https:\/\/hskzrinjski.ba\/en\/mario-ivankovic-s-plemicima-poceo-pripreme-za-novu-sezonu\/","name":"Mario Ivankovi\u0107 has begun preparations with the Nobles for the new season","isPartOf":{"@id":"https:\/\/hskzrinjski.ba\/#website"},"primaryImageOfPage":{"@id":"https:\/\/hskzrinjski.ba\/en\/mario-ivankovic-s-plemicima-poceo-pripreme-za-novu-sezonu\/#primaryimage"},"image":{"@id":"https:\/\/hskzrinjski.ba\/en\/mario-ivankovic-s-plemicima-poceo-pripreme-za-novu-sezonu\/#primaryimage"},"thumbnailUrl":"https:\/\/hskzrinjski.ba\/wp-content\/uploads\/2024\/06\/Pripreme2024.jpg","datePublished":"2024-06-20T18:24:07+00:00","dateModified":"2024-06-23T07:43:46+00:00","breadcrumb":{"@id":"https:\/\/hskzrinjski.ba\/en\/mario-ivankovic-s-plemicima-poceo-pripreme-za-novu-sezonu\/#breadcrumb"},"inLanguage":"en-US","potentialAction":[{"@type":"ReadAction","target":["https:\/\/hskzrinjski.ba\/en\/mario-ivankovic-s-plemicima-poceo-pripreme-za-novu-sezonu\/"]}]},{"@type":"ImageObject","inLanguage":"en-US","@id":"https:\/\/hskzrinjski.ba\/en\/mario-ivankovic-s-plemicima-poceo-pripreme-za-novu-sezonu\/#primaryimage","url":"https:\/\/hskzrinjski.ba\/wp-content\/uploads\/2024\/06\/Pripreme2024.jpg","contentUrl":"https:\/\/hskzrinjski.ba\/wp-content\/uploads\/2024\/06\/Pripreme2024.jpg","width":1224,"height":700},{"@type":"BreadcrumbList","@id":"https:\/\/hskzrinjski.ba\/en\/mario-ivankovic-s-plemicima-poceo-pripreme-za-novu-sezonu\/#breadcrumb","itemListElement":[{"@type":"ListItem","position":1,"name":"Home","item":"https:\/\/hskzrinjski.ba\/en\/"},{"@type":"ListItem","position":2,"name":"Mario Ivankovi\u0107 has begun preparations with the Nobles for the new season"}]},{"@type":"WebSite","@id":"https:\/\/hskzrinjski.ba\/#website","url":"https:\/\/hskzrinjski.ba\/","name":"H\u0160K Zrinjski Mostar","description":"\u017divot i vi\u0161e.","publisher":{"@id":"https:\/\/hskzrinjski.ba\/#organization"},"alternateName":"Zrinjski Mostar","potentialAction":[{"@type":"SearchAction","target":{"@type":"EntryPoint","urlTemplate":"https:\/\/hskzrinjski.ba\/?s={search_term_string}"},"query-input":"required name=search_term_string"}],"inLanguage":"en-US"},{"@type":"Organization","@id":"https:\/\/hskzrinjski.ba\/#organization","name":"Hrvatski \u0161portski klub Zrinjski Mostar","alternateName":"H\u0160K Zrinjski Mostar","url":"https:\/\/hskzrinjski.ba\/","logo":{"@type":"ImageObject","inLanguage":"en-US","@id":"https:\/\/hskzrinjski.ba\/#\/schema\/logo\/image\/","url":"https:\/\/hskzrinjski.ba\/wp-content\/uploads\/2024\/05\/HSK-Zrinjski-Grb.png","contentUrl":"https:\/\/hskzrinjski.ba\/wp-content\/uploads\/2024\/05\/HSK-Zrinjski-Grb.png","width":656,"height":656,"caption":"Hrvatski \u0161portski klub Zrinjski Mostar"},"image":{"@id":"https:\/\/hskzrinjski.ba\/#\/schema\/logo\/image\/"},"sameAs":["https:\/\/www.facebook.com\/hsk.zrinjski","https:\/\/x.com\/hskzrinjski","https:\/\/www.instagram.com\/hsk.zrinjski"]},{"@type":"Person","@id":"https:\/\/hskzrinjski.ba\/#\/schema\/person\/2ecb5d5097ede382b507ac0951c8e3c3","name":"digital","image":{"@type":"ImageObject","inLanguage":"en-US","@id":"https:\/\/hskzrinjski.ba\/#\/schema\/person\/image\/","url":"https:\/\/secure.gravatar.com\/avatar\/c68a05d9eee4965a7a8d532c1bceed00?s=96&d=mm&r=g","contentUrl":"https:\/\/secure.gravatar.com\/avatar\/c68a05d9eee4965a7a8d532c1bceed00?s=96&d=mm&r=g","caption":"digital"},"url":"https:\/\/hskzrinjski.ba\/en\/author\/digital\/"}]}},"_links":{"self":[{"href":"https:\/\/hskzrinjski.ba\/en\/wp-json\/wp\/v2\/posts\/2160"}],"collection":[{"href":"https:\/\/hskzrinjski.ba\/en\/wp-json\/wp\/v2\/posts"}],"about":[{"href":"https:\/\/hskzrinjski.ba\/en\/wp-json\/wp\/v2\/types\/post"}],"author":[{"embeddable":true,"href":"https:\/\/hskzrinjski.ba\/en\/wp-json\/wp\/v2\/users\/2"}],"replies":[{"embeddable":true,"href":"https:\/\/hskzrinjski.ba\/en\/wp-json\/wp\/v2\/comments?post=2160"}],"version-history":[{"count":4,"href":"https:\/\/hskzrinjski.ba\/en\/wp-json\/wp\/v2\/posts\/2160\/revisions"}],"predecessor-version":[{"id":2189,"href":"https:\/\/hskzrinjski.ba\/en\/wp-json\/wp\/v2\/posts\/2160\/revisions\/2189"}],"wp:featuredmedia":[{"embeddable":true,"href":"https:\/\/hskzrinjski.ba\/en\/wp-json\/wp\/v2\/media\/2166"}],"wp:attachment":[{"href":"https:\/\/hskzrinjski.ba\/en\/wp-json\/wp\/v2\/media?parent=2160"}],"wp:term":[{"taxonomy":"category","embeddable":true,"href":"https:\/\/hskzrinjski.ba\/en\/wp-json\/wp\/v2\/categories?post=2160"},{"taxonomy":"post_tag","embeddable":true,"href":"https:\/\/hskzrinjski.ba\/en\/wp-json\/wp\/v2\/tags?post=2160"}],"curies":[{"name":"wp","href":"https:\/\/api.w.org\/{rel}","templated":true}]}}